{"id":1143,"date":"2015-09-19T20:16:03","date_gmt":"2015-09-19T18:16:03","guid":{"rendered":"http:\/\/kanu-gruppe-wilster.de\/?p=1143"},"modified":"2015-09-19T20:16:03","modified_gmt":"2015-09-19T18:16:03","slug":"alstergrachtenfahrt-2015","status":"publish","type":"post","link":"https:\/\/kanu-gruppe-wilster.de\/index.php\/alstergrachtenfahrt-2015\/","title":{"rendered":"Alstergrachtenfahrt 2015"},"content":{"rendered":"<p>Alstergrachten- und Herbstfahrt 2015<\/p>\n<p>Dieses Jahr findet die Alstergrachtenfahrt am Samstag, den 03.10.2015 (Feiertag), statt.<\/p>\n<p>Zur Abrundung des Paddelwochenendes bietet der Kanuverein Alstereck am Sonntag, den 04.010.2015, die Herbstfahrt an. Diese f\u00fchrt von Wohldorf bis zum Bootshaus des Alsterecker Kanuverein. Hier bietet sich eine Zelt\u00fcbernachtung an.<\/p>\n<p>Startgeb\u00fchr Erwachsenen 11,-\u20ac, Jugendliche 9,-\u20ac. Es gibt im Anschluss der Fahrt immer eine kleine Medallie und ein kleines Pr\u00e4sent.<\/p>\n<p>Zwecks Fahrt, Anmeldung, Fahrgemeinschaften und Zelt\u00fcbernachtung beim Alstereck ist ein Aushang im Bootshaus, in den ihr euch bitte bis zum 20.09.2015 eintragen solltet oder mir per Mail senden\u00a0 &#8211;\u00a0 <a href=\"mailto:jan.goerbitz@gmx.de\">jan.goerbitz@gmx.de<\/a> .<\/p>\n<p>Die Startgeb\u00fchren k\u00f6nnen gern bei Doris oder sp\u00e4ter bei mir\u00a0abgegeben werden<\/p>\n<p>Jan G\u00f6rbitz<\/p>\n","protected":false},"excerpt":{"rendered":"<p>Alstergrachten- und Herbstfahrt 2015 Dieses Jahr findet die Alstergrachtenfahrt am Samstag, den 03.10.2015 (Feiertag), statt. Zur Abrundung des Paddelwochenendes bietet der Kanuverein Alstereck am Sonntag, den 04.010.2015, die Herbstfahrt an. Diese f\u00fchrt von Wohldorf bis zum Bootshaus des Alsterecker Kanuverein. Hier bietet sich eine Zelt\u00fcbernachtung an. Startgeb\u00fchr Erwachsenen 11,-\u20ac, Jugendliche 9,-\u20ac. Es gibt im Anschluss<\/p>\n","protected":false},"author":2,"featured_media":0,"comment_status":"open","ping_status":"open","sticky":false,"template":"","format":"standard","meta":{"ngg_post_thumbnail":0},"categories":[4,1],"tags":[],"yoast_head":"<!-- This site is optimized with the Yoast SEO plugin v19.0 - https:\/\/yoast.com\/wordpress\/plugins\/seo\/ -->\n<title>Alstergrachtenfahrt 2015 &ndash; Kanu Gruppe Wilster e.V.<\/title>\n<meta name=\"robots\" content=\"index, follow, max-snippet:-1, max-image-preview:large, max-video-preview:-1\" \/>\n<link rel=\"canonical\" href=\"https:\/\/kanu-gruppe-wilster.de\/index.php\/alstergrachtenfahrt-2015\/\" \/>\n<meta property=\"og:locale\" content=\"de_DE\" \/>\n<meta property=\"og:type\" content=\"article\" \/>\n<meta property=\"og:title\" content=\"Alstergrachtenfahrt 2015 &ndash; Kanu Gruppe Wilster e.V.\" \/>\n<meta property=\"og:description\" content=\"Alstergrachten- und Herbstfahrt 2015 Dieses Jahr findet die Alstergrachtenfahrt am Samstag, den 03.10.2015 (Feiertag), statt. Zur Abrundung des Paddelwochenendes bietet der Kanuverein Alstereck am Sonntag, den 04.010.2015, die Herbstfahrt an. Diese f\u00fchrt von Wohldorf bis zum Bootshaus des Alsterecker Kanuverein. Hier bietet sich eine Zelt\u00fcbernachtung an. Startgeb\u00fchr Erwachsenen 11,-\u20ac, Jugendliche 9,-\u20ac. Es gibt im Anschluss\" \/>\n<meta property=\"og:url\" content=\"https:\/\/kanu-gruppe-wilster.de\/index.php\/alstergrachtenfahrt-2015\/\" \/>\n<meta property=\"og:site_name\" content=\"Kanu Gruppe Wilster e.V.\" \/>\n<meta property=\"article:published_time\" content=\"2015-09-19T18:16:03+00:00\" \/>\n<meta name=\"twitter:card\" content=\"summary\" \/>\n<meta name=\"twitter:label1\" content=\"Verfasst von\" \/>\n\t<meta name=\"twitter:data1\" content=\"UweMuenster\" \/>\n\t<meta name=\"twitter:label2\" content=\"Gesch\u00e4tzte Lesezeit\" \/>\n\t<meta name=\"twitter:data2\" content=\"1\u00a0Minute\" \/>\n<script type=\"application\/ld+json\" class=\"yoast-schema-graph\">{\"@context\":\"https:\/\/schema.org\",\"@graph\":[{\"@type\":\"WebSite\",\"@id\":\"https:\/\/kanu-gruppe-wilster.de\/#website\",\"url\":\"https:\/\/kanu-gruppe-wilster.de\/\",\"name\":\"Kanu Gruppe Wilster e.V.\",\"description\":\"Kanuverein an der Wilster Au\",\"potentialAction\":[{\"@type\":\"SearchAction\",\"target\":{\"@type\":\"EntryPoint\",\"urlTemplate\":\"https:\/\/kanu-gruppe-wilster.de\/?s={search_term_string}\"},\"query-input\":\"required name=search_term_string\"}],\"inLanguage\":\"de\"},{\"@type\":\"WebPage\",\"@id\":\"https:\/\/kanu-gruppe-wilster.de\/index.php\/alstergrachtenfahrt-2015\/#webpage\",\"url\":\"https:\/\/kanu-gruppe-wilster.de\/index.php\/alstergrachtenfahrt-2015\/\",\"name\":\"Alstergrachtenfahrt 2015 &ndash; Kanu Gruppe Wilster e.V.\",\"isPartOf\":{\"@id\":\"https:\/\/kanu-gruppe-wilster.de\/#website\"},\"datePublished\":\"2015-09-19T18:16:03+00:00\",\"dateModified\":\"2015-09-19T18:16:03+00:00\",\"author\":{\"@id\":\"https:\/\/kanu-gruppe-wilster.de\/#\/schema\/person\/7489fc75ff891776bcddaa56e64dbb54\"},\"breadcrumb\":{\"@id\":\"https:\/\/kanu-gruppe-wilster.de\/index.php\/alstergrachtenfahrt-2015\/#breadcrumb\"},\"inLanguage\":\"de\",\"potentialAction\":[{\"@type\":\"ReadAction\",\"target\":[\"https:\/\/kanu-gruppe-wilster.de\/index.php\/alstergrachtenfahrt-2015\/\"]}]},{\"@type\":\"BreadcrumbList\",\"@id\":\"https:\/\/kanu-gruppe-wilster.de\/index.php\/alstergrachtenfahrt-2015\/#breadcrumb\",\"itemListElement\":[{\"@type\":\"ListItem\",\"position\":1,\"name\":\"Startseite\",\"item\":\"https:\/\/kanu-gruppe-wilster.de\/\"},{\"@type\":\"ListItem\",\"position\":2,\"name\":\"Alstergrachtenfahrt 2015\"}]},{\"@type\":\"Person\",\"@id\":\"https:\/\/kanu-gruppe-wilster.de\/#\/schema\/person\/7489fc75ff891776bcddaa56e64dbb54\",\"name\":\"UweMuenster\",\"image\":{\"@type\":\"ImageObject\",\"inLanguage\":\"de\",\"@id\":\"https:\/\/kanu-gruppe-wilster.de\/#\/schema\/person\/image\/\",\"url\":\"https:\/\/secure.gravatar.com\/avatar\/633d80af5ecf11a7e42ad51ef88894a9?s=96&d=mm&r=g\",\"contentUrl\":\"https:\/\/secure.gravatar.com\/avatar\/633d80af5ecf11a7e42ad51ef88894a9?s=96&d=mm&r=g\",\"caption\":\"UweMuenster\"},\"url\":\"https:\/\/kanu-gruppe-wilster.de\/index.php\/author\/uwemuenster\/\"}]}<\/script>\n<!-- \/ Yoast SEO plugin. -->","yoast_head_json":{"title":"Alstergrachtenfahrt 2015 &ndash; Kanu Gruppe Wilster e.V.","robots":{"index":"index","follow":"follow","max-snippet":"max-snippet:-1","max-image-preview":"max-image-preview:large","max-video-preview":"max-video-preview:-1"},"canonical":"https:\/\/kanu-gruppe-wilster.de\/index.php\/alstergrachtenfahrt-2015\/","og_locale":"de_DE","og_type":"article","og_title":"Alstergrachtenfahrt 2015 &ndash; Kanu Gruppe Wilster e.V.","og_description":"Alstergrachten- und Herbstfahrt 2015 Dieses Jahr findet die Alstergrachtenfahrt am Samstag, den 03.10.2015 (Feiertag), statt. Zur Abrundung des Paddelwochenendes bietet der Kanuverein Alstereck am Sonntag, den 04.010.2015, die Herbstfahrt an. Diese f\u00fchrt von Wohldorf bis zum Bootshaus des Alsterecker Kanuverein. Hier bietet sich eine Zelt\u00fcbernachtung an. Startgeb\u00fchr Erwachsenen 11,-\u20ac, Jugendliche 9,-\u20ac. Es gibt im Anschluss","og_url":"https:\/\/kanu-gruppe-wilster.de\/index.php\/alstergrachtenfahrt-2015\/","og_site_name":"Kanu Gruppe Wilster e.V.","article_published_time":"2015-09-19T18:16:03+00:00","twitter_card":"summary","twitter_misc":{"Verfasst von":"UweMuenster","Gesch\u00e4tzte Lesezeit":"1\u00a0Minute"},"schema":{"@context":"https:\/\/schema.org","@graph":[{"@type":"WebSite","@id":"https:\/\/kanu-gruppe-wilster.de\/#website","url":"https:\/\/kanu-gruppe-wilster.de\/","name":"Kanu Gruppe Wilster e.V.","description":"Kanuverein an der Wilster Au","potentialAction":[{"@type":"SearchAction","target":{"@type":"EntryPoint","urlTemplate":"https:\/\/kanu-gruppe-wilster.de\/?s={search_term_string}"},"query-input":"required name=search_term_string"}],"inLanguage":"de"},{"@type":"WebPage","@id":"https:\/\/kanu-gruppe-wilster.de\/index.php\/alstergrachtenfahrt-2015\/#webpage","url":"https:\/\/kanu-gruppe-wilster.de\/index.php\/alstergrachtenfahrt-2015\/","name":"Alstergrachtenfahrt 2015 &ndash; Kanu Gruppe Wilster e.V.","isPartOf":{"@id":"https:\/\/kanu-gruppe-wilster.de\/#website"},"datePublished":"2015-09-19T18:16:03+00:00","dateModified":"2015-09-19T18:16:03+00:00","author":{"@id":"https:\/\/kanu-gruppe-wilster.de\/#\/schema\/person\/7489fc75ff891776bcddaa56e64dbb54"},"breadcrumb":{"@id":"https:\/\/kanu-gruppe-wilster.de\/index.php\/alstergrachtenfahrt-2015\/#breadcrumb"},"inLanguage":"de","potentialAction":[{"@type":"ReadAction","target":["https:\/\/kanu-gruppe-wilster.de\/index.php\/alstergrachtenfahrt-2015\/"]}]},{"@type":"BreadcrumbList","@id":"https:\/\/kanu-gruppe-wilster.de\/index.php\/alstergrachtenfahrt-2015\/#breadcrumb","itemListElement":[{"@type":"ListItem","position":1,"name":"Startseite","item":"https:\/\/kanu-gruppe-wilster.de\/"},{"@type":"ListItem","position":2,"name":"Alstergrachtenfahrt 2015"}]},{"@type":"Person","@id":"https:\/\/kanu-gruppe-wilster.de\/#\/schema\/person\/7489fc75ff891776bcddaa56e64dbb54","name":"UweMuenster","image":{"@type":"ImageObject","inLanguage":"de","@id":"https:\/\/kanu-gruppe-wilster.de\/#\/schema\/person\/image\/","url":"https:\/\/secure.gravatar.com\/avatar\/633d80af5ecf11a7e42ad51ef88894a9?s=96&d=mm&r=g","contentUrl":"https:\/\/secure.gravatar.com\/avatar\/633d80af5ecf11a7e42ad51ef88894a9?s=96&d=mm&r=g","caption":"UweMuenster"},"url":"https:\/\/kanu-gruppe-wilster.de\/index.php\/author\/uwemuenster\/"}]}},"_links":{"self":[{"href":"https:\/\/kanu-gruppe-wilster.de\/index.php\/wp-json\/wp\/v2\/posts\/1143"}],"collection":[{"href":"https:\/\/kanu-gruppe-wilster.de\/index.php\/wp-json\/wp\/v2\/posts"}],"about":[{"href":"https:\/\/kanu-gruppe-wilster.de\/index.php\/wp-json\/wp\/v2\/types\/post"}],"author":[{"embeddable":true,"href":"https:\/\/kanu-gruppe-wilster.de\/index.php\/wp-json\/wp\/v2\/users\/2"}],"replies":[{"embeddable":true,"href":"https:\/\/kanu-gruppe-wilster.de\/index.php\/wp-json\/wp\/v2\/comments?post=1143"}],"version-history":[{"count":0,"href":"https:\/\/kanu-gruppe-wilster.de\/index.php\/wp-json\/wp\/v2\/posts\/1143\/revisions"}],"wp:attachment":[{"href":"https:\/\/kanu-gruppe-wilster.de\/index.php\/wp-json\/wp\/v2\/media?parent=1143"}],"wp:term":[{"taxonomy":"category","embeddable":true,"href":"https:\/\/kanu-gruppe-wilster.de\/index.php\/wp-json\/wp\/v2\/categories?post=1143"},{"taxonomy":"post_tag","embeddable":true,"href":"https:\/\/kanu-gruppe-wilster.de\/index.php\/wp-json\/wp\/v2\/tags?post=1143"}],"curies":[{"name":"wp","href":"https:\/\/api.w.org\/{rel}","templated":true}]}}