{"id":1121,"date":"2015-08-08T07:42:05","date_gmt":"2015-08-08T05:42:05","guid":{"rendered":"http:\/\/kanu-gruppe-wilster.de\/?p=1121"},"modified":"2015-08-08T07:42:05","modified_gmt":"2015-08-08T05:42:05","slug":"insel-hopping-in-der-danischen-sudsee","status":"publish","type":"post","link":"https:\/\/kanu-gruppe-wilster.de\/index.php\/insel-hopping-in-der-danischen-sudsee\/","title":{"rendered":"Insel-Hopping in der d\u00e4nischen S\u00fcdsee"},"content":{"rendered":"<p>Die Jugendurlaubstour 2015 fand dieses Jahr auf dem Gew\u00e4sser der d\u00e4nischen S\u00fcdsee unter der bew\u00e4hrten Leitung von Ingmar Engel(1.Jugendwart) und Lasse Petersen 2. Vorsitzender) statt. Einen Ausf\u00fchrlichen Bericht findet ihr unter dem folgenden Link<br \/>\n<a href=\"http:\/\/www.shz.de\/lokales\/norddeutsche-rundschau\/jugendliche-der-kanugruppe-wieder-unterwegs-insel-hopping-in-der-daenischen-suedsee-id10319961.html#\">http:\/\/www.shz.de\/lokales\/norddeutsche-rundschau\/jugendliche-der-kanugruppe-wieder-unterwegs-insel-hopping-in-der-daenischen-suedsee-id10319961.html#<br \/>\n<\/a><\/p>\n","protected":false},"excerpt":{"rendered":"<p>Die Jugendurlaubstour 2015 fand dieses Jahr auf dem Gew\u00e4sser der d\u00e4nischen S\u00fcdsee unter der bew\u00e4hrten Leitung von Ingmar Engel(1.Jugendwart) und Lasse Petersen 2. Vorsitzender) statt. Einen Ausf\u00fchrlichen Bericht findet ihr unter dem folgenden Link http:\/\/www.shz.de\/lokales\/norddeutsche-rundschau\/jugendliche-der-kanugruppe-wieder-unterwegs-insel-hopping-in-der-daenischen-suedsee-id10319961.html#<\/p>\n","protected":false},"author":2,"featured_media":0,"comment_status":"open","ping_status":"open","sticky":false,"template":"","format":"standard","meta":{"ngg_post_thumbnail":0},"categories":[1,5],"tags":[],"yoast_head":"<!-- This site is optimized with the Yoast SEO plugin v19.0 - https:\/\/yoast.com\/wordpress\/plugins\/seo\/ -->\n<title>Insel-Hopping in der d\u00e4nischen S\u00fcdsee &ndash; Kanu Gruppe Wilster e.V.<\/title>\n<meta name=\"robots\" content=\"index, follow, max-snippet:-1, max-image-preview:large, max-video-preview:-1\" \/>\n<link rel=\"canonical\" href=\"https:\/\/kanu-gruppe-wilster.de\/index.php\/insel-hopping-in-der-danischen-sudsee\/\" \/>\n<meta property=\"og:locale\" content=\"de_DE\" \/>\n<meta property=\"og:type\" content=\"article\" \/>\n<meta property=\"og:title\" content=\"Insel-Hopping in der d\u00e4nischen S\u00fcdsee &ndash; Kanu Gruppe Wilster e.V.\" \/>\n<meta property=\"og:description\" content=\"Die Jugendurlaubstour 2015 fand dieses Jahr auf dem Gew\u00e4sser der d\u00e4nischen S\u00fcdsee unter der bew\u00e4hrten Leitung von Ingmar Engel(1.Jugendwart) und Lasse Petersen 2. Vorsitzender) statt. Einen Ausf\u00fchrlichen Bericht findet ihr unter dem folgenden Link http:\/\/www.shz.de\/lokales\/norddeutsche-rundschau\/jugendliche-der-kanugruppe-wieder-unterwegs-insel-hopping-in-der-daenischen-suedsee-id10319961.html#\" \/>\n<meta property=\"og:url\" content=\"https:\/\/kanu-gruppe-wilster.de\/index.php\/insel-hopping-in-der-danischen-sudsee\/\" \/>\n<meta property=\"og:site_name\" content=\"Kanu Gruppe Wilster e.V.\" \/>\n<meta property=\"article:published_time\" content=\"2015-08-08T05:42:05+00:00\" \/>\n<meta name=\"twitter:card\" content=\"summary\" \/>\n<meta name=\"twitter:label1\" content=\"Verfasst von\" \/>\n\t<meta name=\"twitter:data1\" content=\"UweMuenster\" \/>\n<script type=\"application\/ld+json\" class=\"yoast-schema-graph\">{\"@context\":\"https:\/\/schema.org\",\"@graph\":[{\"@type\":\"WebSite\",\"@id\":\"https:\/\/kanu-gruppe-wilster.de\/#website\",\"url\":\"https:\/\/kanu-gruppe-wilster.de\/\",\"name\":\"Kanu Gruppe Wilster e.V.\",\"description\":\"Kanuverein an der Wilster Au\",\"potentialAction\":[{\"@type\":\"SearchAction\",\"target\":{\"@type\":\"EntryPoint\",\"urlTemplate\":\"https:\/\/kanu-gruppe-wilster.de\/?s={search_term_string}\"},\"query-input\":\"required name=search_term_string\"}],\"inLanguage\":\"de\"},{\"@type\":\"WebPage\",\"@id\":\"https:\/\/kanu-gruppe-wilster.de\/index.php\/insel-hopping-in-der-danischen-sudsee\/#webpage\",\"url\":\"https:\/\/kanu-gruppe-wilster.de\/index.php\/insel-hopping-in-der-danischen-sudsee\/\",\"name\":\"Insel-Hopping in der d\u00e4nischen S\u00fcdsee &ndash; Kanu Gruppe Wilster e.V.\",\"isPartOf\":{\"@id\":\"https:\/\/kanu-gruppe-wilster.de\/#website\"},\"datePublished\":\"2015-08-08T05:42:05+00:00\",\"dateModified\":\"2015-08-08T05:42:05+00:00\",\"author\":{\"@id\":\"https:\/\/kanu-gruppe-wilster.de\/#\/schema\/person\/7489fc75ff891776bcddaa56e64dbb54\"},\"breadcrumb\":{\"@id\":\"https:\/\/kanu-gruppe-wilster.de\/index.php\/insel-hopping-in-der-danischen-sudsee\/#breadcrumb\"},\"inLanguage\":\"de\",\"potentialAction\":[{\"@type\":\"ReadAction\",\"target\":[\"https:\/\/kanu-gruppe-wilster.de\/index.php\/insel-hopping-in-der-danischen-sudsee\/\"]}]},{\"@type\":\"BreadcrumbList\",\"@id\":\"https:\/\/kanu-gruppe-wilster.de\/index.php\/insel-hopping-in-der-danischen-sudsee\/#breadcrumb\",\"itemListElement\":[{\"@type\":\"ListItem\",\"position\":1,\"name\":\"Startseite\",\"item\":\"https:\/\/kanu-gruppe-wilster.de\/\"},{\"@type\":\"ListItem\",\"position\":2,\"name\":\"Insel-Hopping in der d\u00e4nischen S\u00fcdsee\"}]},{\"@type\":\"Person\",\"@id\":\"https:\/\/kanu-gruppe-wilster.de\/#\/schema\/person\/7489fc75ff891776bcddaa56e64dbb54\",\"name\":\"UweMuenster\",\"image\":{\"@type\":\"ImageObject\",\"inLanguage\":\"de\",\"@id\":\"https:\/\/kanu-gruppe-wilster.de\/#\/schema\/person\/image\/\",\"url\":\"https:\/\/secure.gravatar.com\/avatar\/633d80af5ecf11a7e42ad51ef88894a9?s=96&d=mm&r=g\",\"contentUrl\":\"https:\/\/secure.gravatar.com\/avatar\/633d80af5ecf11a7e42ad51ef88894a9?s=96&d=mm&r=g\",\"caption\":\"UweMuenster\"},\"url\":\"https:\/\/kanu-gruppe-wilster.de\/index.php\/author\/uwemuenster\/\"}]}<\/script>\n<!-- \/ Yoast SEO plugin. -->","yoast_head_json":{"title":"Insel-Hopping in der d\u00e4nischen S\u00fcdsee &ndash; Kanu Gruppe Wilster e.V.","robots":{"index":"index","follow":"follow","max-snippet":"max-snippet:-1","max-image-preview":"max-image-preview:large","max-video-preview":"max-video-preview:-1"},"canonical":"https:\/\/kanu-gruppe-wilster.de\/index.php\/insel-hopping-in-der-danischen-sudsee\/","og_locale":"de_DE","og_type":"article","og_title":"Insel-Hopping in der d\u00e4nischen S\u00fcdsee &ndash; Kanu Gruppe Wilster e.V.","og_description":"Die Jugendurlaubstour 2015 fand dieses Jahr auf dem Gew\u00e4sser der d\u00e4nischen S\u00fcdsee unter der bew\u00e4hrten Leitung von Ingmar Engel(1.Jugendwart) und Lasse Petersen 2. Vorsitzender) statt. Einen Ausf\u00fchrlichen Bericht findet ihr unter dem folgenden Link http:\/\/www.shz.de\/lokales\/norddeutsche-rundschau\/jugendliche-der-kanugruppe-wieder-unterwegs-insel-hopping-in-der-daenischen-suedsee-id10319961.html#","og_url":"https:\/\/kanu-gruppe-wilster.de\/index.php\/insel-hopping-in-der-danischen-sudsee\/","og_site_name":"Kanu Gruppe Wilster e.V.","article_published_time":"2015-08-08T05:42:05+00:00","twitter_card":"summary","twitter_misc":{"Verfasst von":"UweMuenster"},"schema":{"@context":"https:\/\/schema.org","@graph":[{"@type":"WebSite","@id":"https:\/\/kanu-gruppe-wilster.de\/#website","url":"https:\/\/kanu-gruppe-wilster.de\/","name":"Kanu Gruppe Wilster e.V.","description":"Kanuverein an der Wilster Au","potentialAction":[{"@type":"SearchAction","target":{"@type":"EntryPoint","urlTemplate":"https:\/\/kanu-gruppe-wilster.de\/?s={search_term_string}"},"query-input":"required name=search_term_string"}],"inLanguage":"de"},{"@type":"WebPage","@id":"https:\/\/kanu-gruppe-wilster.de\/index.php\/insel-hopping-in-der-danischen-sudsee\/#webpage","url":"https:\/\/kanu-gruppe-wilster.de\/index.php\/insel-hopping-in-der-danischen-sudsee\/","name":"Insel-Hopping in der d\u00e4nischen S\u00fcdsee &ndash; Kanu Gruppe Wilster e.V.","isPartOf":{"@id":"https:\/\/kanu-gruppe-wilster.de\/#website"},"datePublished":"2015-08-08T05:42:05+00:00","dateModified":"2015-08-08T05:42:05+00:00","author":{"@id":"https:\/\/kanu-gruppe-wilster.de\/#\/schema\/person\/7489fc75ff891776bcddaa56e64dbb54"},"breadcrumb":{"@id":"https:\/\/kanu-gruppe-wilster.de\/index.php\/insel-hopping-in-der-danischen-sudsee\/#breadcrumb"},"inLanguage":"de","potentialAction":[{"@type":"ReadAction","target":["https:\/\/kanu-gruppe-wilster.de\/index.php\/insel-hopping-in-der-danischen-sudsee\/"]}]},{"@type":"BreadcrumbList","@id":"https:\/\/kanu-gruppe-wilster.de\/index.php\/insel-hopping-in-der-danischen-sudsee\/#breadcrumb","itemListElement":[{"@type":"ListItem","position":1,"name":"Startseite","item":"https:\/\/kanu-gruppe-wilster.de\/"},{"@type":"ListItem","position":2,"name":"Insel-Hopping in der d\u00e4nischen S\u00fcdsee"}]},{"@type":"Person","@id":"https:\/\/kanu-gruppe-wilster.de\/#\/schema\/person\/7489fc75ff891776bcddaa56e64dbb54","name":"UweMuenster","image":{"@type":"ImageObject","inLanguage":"de","@id":"https:\/\/kanu-gruppe-wilster.de\/#\/schema\/person\/image\/","url":"https:\/\/secure.gravatar.com\/avatar\/633d80af5ecf11a7e42ad51ef88894a9?s=96&d=mm&r=g","contentUrl":"https:\/\/secure.gravatar.com\/avatar\/633d80af5ecf11a7e42ad51ef88894a9?s=96&d=mm&r=g","caption":"UweMuenster"},"url":"https:\/\/kanu-gruppe-wilster.de\/index.php\/author\/uwemuenster\/"}]}},"_links":{"self":[{"href":"https:\/\/kanu-gruppe-wilster.de\/index.php\/wp-json\/wp\/v2\/posts\/1121"}],"collection":[{"href":"https:\/\/kanu-gruppe-wilster.de\/index.php\/wp-json\/wp\/v2\/posts"}],"about":[{"href":"https:\/\/kanu-gruppe-wilster.de\/index.php\/wp-json\/wp\/v2\/types\/post"}],"author":[{"embeddable":true,"href":"https:\/\/kanu-gruppe-wilster.de\/index.php\/wp-json\/wp\/v2\/users\/2"}],"replies":[{"embeddable":true,"href":"https:\/\/kanu-gruppe-wilster.de\/index.php\/wp-json\/wp\/v2\/comments?post=1121"}],"version-history":[{"count":0,"href":"https:\/\/kanu-gruppe-wilster.de\/index.php\/wp-json\/wp\/v2\/posts\/1121\/revisions"}],"wp:attachment":[{"href":"https:\/\/kanu-gruppe-wilster.de\/index.php\/wp-json\/wp\/v2\/media?parent=1121"}],"wp:term":[{"taxonomy":"category","embeddable":true,"href":"https:\/\/kanu-gruppe-wilster.de\/index.php\/wp-json\/wp\/v2\/categories?post=1121"},{"taxonomy":"post_tag","embeddable":true,"href":"https:\/\/kanu-gruppe-wilster.de\/index.php\/wp-json\/wp\/v2\/tags?post=1121"}],"curies":[{"name":"wp","href":"https:\/\/api.w.org\/{rel}","templated":true}]}}