{"id":1091,"date":"2015-03-23T20:32:18","date_gmt":"2015-03-23T19:32:18","guid":{"rendered":"http:\/\/kanu-gruppe-wilster.de\/?p=1091"},"modified":"2015-03-23T20:32:18","modified_gmt":"2015-03-23T19:32:18","slug":"anpaddeln-2015","status":"publish","type":"post","link":"https:\/\/kanu-gruppe-wilster.de\/index.php\/anpaddeln-2015\/","title":{"rendered":"Anpaddeln 2015"},"content":{"rendered":"<p><strong>Anpaddeln 2015<\/strong><\/p>\n<p>Unser diesj\u00e4hriges Anpaddeln findet am Samstag, den 11.04.2015, statt. Wie im letzten Jahr wollen<\/p>\n<p>wir wieder auf der Wilster Au zum Rastplatz an der alten Schmiede paddeln.<\/p>\n<p>Treffen:\u00a0\u00a0\u00a0\u00a0 ab 9.00<\/p>\n<p>Start:\u00a0\u00a0\u00a0\u00a0\u00a0\u00a0\u00a0 10.00<\/p>\n<p>F\u00fcr die Kaffeetafel im Anschluss werden eifrige B\u00e4cker ben\u00f6tigt. Eine Liste zum Eintragen der<\/p>\n<p>Kuchenspenden h\u00e4ngt im Bootshaus aus.<\/p>\n<p>Weitere Info &#8211; Jan G\u00f6rbitz\u00a0\u00a0 0176 96 60 59 20<\/p>\n","protected":false},"excerpt":{"rendered":"<p>Anpaddeln 2015 Unser diesj\u00e4hriges Anpaddeln findet am Samstag, den 11.04.2015, statt. Wie im letzten Jahr wollen wir wieder auf der Wilster Au zum Rastplatz an der alten Schmiede paddeln. Treffen:\u00a0\u00a0\u00a0\u00a0 ab 9.00 Start:\u00a0\u00a0\u00a0\u00a0\u00a0\u00a0\u00a0 10.00 F\u00fcr die Kaffeetafel im Anschluss werden eifrige B\u00e4cker ben\u00f6tigt. Eine Liste zum Eintragen der Kuchenspenden h\u00e4ngt im Bootshaus aus. Weitere Info<\/p>\n","protected":false},"author":2,"featured_media":0,"comment_status":"open","ping_status":"open","sticky":false,"template":"","format":"standard","meta":{"ngg_post_thumbnail":0},"categories":[4,1],"tags":[],"yoast_head":"<!-- This site is optimized with the Yoast SEO plugin v19.0 - https:\/\/yoast.com\/wordpress\/plugins\/seo\/ -->\n<title>Anpaddeln 2015 &ndash; Kanu Gruppe Wilster e.V.<\/title>\n<meta name=\"robots\" content=\"index, follow, max-snippet:-1, max-image-preview:large, max-video-preview:-1\" \/>\n<link rel=\"canonical\" href=\"https:\/\/kanu-gruppe-wilster.de\/index.php\/anpaddeln-2015\/\" \/>\n<meta property=\"og:locale\" content=\"de_DE\" \/>\n<meta property=\"og:type\" content=\"article\" \/>\n<meta property=\"og:title\" content=\"Anpaddeln 2015 &ndash; Kanu Gruppe Wilster e.V.\" \/>\n<meta property=\"og:description\" content=\"Anpaddeln 2015 Unser diesj\u00e4hriges Anpaddeln findet am Samstag, den 11.04.2015, statt. Wie im letzten Jahr wollen wir wieder auf der Wilster Au zum Rastplatz an der alten Schmiede paddeln. Treffen:\u00a0\u00a0\u00a0\u00a0 ab 9.00 Start:\u00a0\u00a0\u00a0\u00a0\u00a0\u00a0\u00a0 10.00 F\u00fcr die Kaffeetafel im Anschluss werden eifrige B\u00e4cker ben\u00f6tigt. Eine Liste zum Eintragen der Kuchenspenden h\u00e4ngt im Bootshaus aus. Weitere Info\" \/>\n<meta property=\"og:url\" content=\"https:\/\/kanu-gruppe-wilster.de\/index.php\/anpaddeln-2015\/\" \/>\n<meta property=\"og:site_name\" content=\"Kanu Gruppe Wilster e.V.\" \/>\n<meta property=\"article:published_time\" content=\"2015-03-23T19:32:18+00:00\" \/>\n<meta name=\"twitter:card\" content=\"summary\" \/>\n<meta name=\"twitter:label1\" content=\"Verfasst von\" \/>\n\t<meta name=\"twitter:data1\" content=\"UweMuenster\" \/>\n<script type=\"application\/ld+json\" class=\"yoast-schema-graph\">{\"@context\":\"https:\/\/schema.org\",\"@graph\":[{\"@type\":\"WebSite\",\"@id\":\"https:\/\/kanu-gruppe-wilster.de\/#website\",\"url\":\"https:\/\/kanu-gruppe-wilster.de\/\",\"name\":\"Kanu Gruppe Wilster e.V.\",\"description\":\"Kanuverein an der Wilster Au\",\"potentialAction\":[{\"@type\":\"SearchAction\",\"target\":{\"@type\":\"EntryPoint\",\"urlTemplate\":\"https:\/\/kanu-gruppe-wilster.de\/?s={search_term_string}\"},\"query-input\":\"required name=search_term_string\"}],\"inLanguage\":\"de\"},{\"@type\":\"WebPage\",\"@id\":\"https:\/\/kanu-gruppe-wilster.de\/index.php\/anpaddeln-2015\/#webpage\",\"url\":\"https:\/\/kanu-gruppe-wilster.de\/index.php\/anpaddeln-2015\/\",\"name\":\"Anpaddeln 2015 &ndash; Kanu Gruppe Wilster e.V.\",\"isPartOf\":{\"@id\":\"https:\/\/kanu-gruppe-wilster.de\/#website\"},\"datePublished\":\"2015-03-23T19:32:18+00:00\",\"dateModified\":\"2015-03-23T19:32:18+00:00\",\"author\":{\"@id\":\"https:\/\/kanu-gruppe-wilster.de\/#\/schema\/person\/7489fc75ff891776bcddaa56e64dbb54\"},\"breadcrumb\":{\"@id\":\"https:\/\/kanu-gruppe-wilster.de\/index.php\/anpaddeln-2015\/#breadcrumb\"},\"inLanguage\":\"de\",\"potentialAction\":[{\"@type\":\"ReadAction\",\"target\":[\"https:\/\/kanu-gruppe-wilster.de\/index.php\/anpaddeln-2015\/\"]}]},{\"@type\":\"BreadcrumbList\",\"@id\":\"https:\/\/kanu-gruppe-wilster.de\/index.php\/anpaddeln-2015\/#breadcrumb\",\"itemListElement\":[{\"@type\":\"ListItem\",\"position\":1,\"name\":\"Startseite\",\"item\":\"https:\/\/kanu-gruppe-wilster.de\/\"},{\"@type\":\"ListItem\",\"position\":2,\"name\":\"Anpaddeln 2015\"}]},{\"@type\":\"Person\",\"@id\":\"https:\/\/kanu-gruppe-wilster.de\/#\/schema\/person\/7489fc75ff891776bcddaa56e64dbb54\",\"name\":\"UweMuenster\",\"image\":{\"@type\":\"ImageObject\",\"inLanguage\":\"de\",\"@id\":\"https:\/\/kanu-gruppe-wilster.de\/#\/schema\/person\/image\/\",\"url\":\"https:\/\/secure.gravatar.com\/avatar\/633d80af5ecf11a7e42ad51ef88894a9?s=96&d=mm&r=g\",\"contentUrl\":\"https:\/\/secure.gravatar.com\/avatar\/633d80af5ecf11a7e42ad51ef88894a9?s=96&d=mm&r=g\",\"caption\":\"UweMuenster\"},\"url\":\"https:\/\/kanu-gruppe-wilster.de\/index.php\/author\/uwemuenster\/\"}]}<\/script>\n<!-- \/ Yoast SEO plugin. -->","yoast_head_json":{"title":"Anpaddeln 2015 &ndash; Kanu Gruppe Wilster e.V.","robots":{"index":"index","follow":"follow","max-snippet":"max-snippet:-1","max-image-preview":"max-image-preview:large","max-video-preview":"max-video-preview:-1"},"canonical":"https:\/\/kanu-gruppe-wilster.de\/index.php\/anpaddeln-2015\/","og_locale":"de_DE","og_type":"article","og_title":"Anpaddeln 2015 &ndash; Kanu Gruppe Wilster e.V.","og_description":"Anpaddeln 2015 Unser diesj\u00e4hriges Anpaddeln findet am Samstag, den 11.04.2015, statt. Wie im letzten Jahr wollen wir wieder auf der Wilster Au zum Rastplatz an der alten Schmiede paddeln. Treffen:\u00a0\u00a0\u00a0\u00a0 ab 9.00 Start:\u00a0\u00a0\u00a0\u00a0\u00a0\u00a0\u00a0 10.00 F\u00fcr die Kaffeetafel im Anschluss werden eifrige B\u00e4cker ben\u00f6tigt. Eine Liste zum Eintragen der Kuchenspenden h\u00e4ngt im Bootshaus aus. Weitere Info","og_url":"https:\/\/kanu-gruppe-wilster.de\/index.php\/anpaddeln-2015\/","og_site_name":"Kanu Gruppe Wilster e.V.","article_published_time":"2015-03-23T19:32:18+00:00","twitter_card":"summary","twitter_misc":{"Verfasst von":"UweMuenster"},"schema":{"@context":"https:\/\/schema.org","@graph":[{"@type":"WebSite","@id":"https:\/\/kanu-gruppe-wilster.de\/#website","url":"https:\/\/kanu-gruppe-wilster.de\/","name":"Kanu Gruppe Wilster e.V.","description":"Kanuverein an der Wilster Au","potentialAction":[{"@type":"SearchAction","target":{"@type":"EntryPoint","urlTemplate":"https:\/\/kanu-gruppe-wilster.de\/?s={search_term_string}"},"query-input":"required name=search_term_string"}],"inLanguage":"de"},{"@type":"WebPage","@id":"https:\/\/kanu-gruppe-wilster.de\/index.php\/anpaddeln-2015\/#webpage","url":"https:\/\/kanu-gruppe-wilster.de\/index.php\/anpaddeln-2015\/","name":"Anpaddeln 2015 &ndash; Kanu Gruppe Wilster e.V.","isPartOf":{"@id":"https:\/\/kanu-gruppe-wilster.de\/#website"},"datePublished":"2015-03-23T19:32:18+00:00","dateModified":"2015-03-23T19:32:18+00:00","author":{"@id":"https:\/\/kanu-gruppe-wilster.de\/#\/schema\/person\/7489fc75ff891776bcddaa56e64dbb54"},"breadcrumb":{"@id":"https:\/\/kanu-gruppe-wilster.de\/index.php\/anpaddeln-2015\/#breadcrumb"},"inLanguage":"de","potentialAction":[{"@type":"ReadAction","target":["https:\/\/kanu-gruppe-wilster.de\/index.php\/anpaddeln-2015\/"]}]},{"@type":"BreadcrumbList","@id":"https:\/\/kanu-gruppe-wilster.de\/index.php\/anpaddeln-2015\/#breadcrumb","itemListElement":[{"@type":"ListItem","position":1,"name":"Startseite","item":"https:\/\/kanu-gruppe-wilster.de\/"},{"@type":"ListItem","position":2,"name":"Anpaddeln 2015"}]},{"@type":"Person","@id":"https:\/\/kanu-gruppe-wilster.de\/#\/schema\/person\/7489fc75ff891776bcddaa56e64dbb54","name":"UweMuenster","image":{"@type":"ImageObject","inLanguage":"de","@id":"https:\/\/kanu-gruppe-wilster.de\/#\/schema\/person\/image\/","url":"https:\/\/secure.gravatar.com\/avatar\/633d80af5ecf11a7e42ad51ef88894a9?s=96&d=mm&r=g","contentUrl":"https:\/\/secure.gravatar.com\/avatar\/633d80af5ecf11a7e42ad51ef88894a9?s=96&d=mm&r=g","caption":"UweMuenster"},"url":"https:\/\/kanu-gruppe-wilster.de\/index.php\/author\/uwemuenster\/"}]}},"_links":{"self":[{"href":"https:\/\/kanu-gruppe-wilster.de\/index.php\/wp-json\/wp\/v2\/posts\/1091"}],"collection":[{"href":"https:\/\/kanu-gruppe-wilster.de\/index.php\/wp-json\/wp\/v2\/posts"}],"about":[{"href":"https:\/\/kanu-gruppe-wilster.de\/index.php\/wp-json\/wp\/v2\/types\/post"}],"author":[{"embeddable":true,"href":"https:\/\/kanu-gruppe-wilster.de\/index.php\/wp-json\/wp\/v2\/users\/2"}],"replies":[{"embeddable":true,"href":"https:\/\/kanu-gruppe-wilster.de\/index.php\/wp-json\/wp\/v2\/comments?post=1091"}],"version-history":[{"count":0,"href":"https:\/\/kanu-gruppe-wilster.de\/index.php\/wp-json\/wp\/v2\/posts\/1091\/revisions"}],"wp:attachment":[{"href":"https:\/\/kanu-gruppe-wilster.de\/index.php\/wp-json\/wp\/v2\/media?parent=1091"}],"wp:term":[{"taxonomy":"category","embeddable":true,"href":"https:\/\/kanu-gruppe-wilster.de\/index.php\/wp-json\/wp\/v2\/categories?post=1091"},{"taxonomy":"post_tag","embeddable":true,"href":"https:\/\/kanu-gruppe-wilster.de\/index.php\/wp-json\/wp\/v2\/tags?post=1091"}],"curies":[{"name":"wp","href":"https:\/\/api.w.org\/{rel}","templated":true}]}}