{"id":10841,"date":"2025-05-05T12:20:02","date_gmt":"2025-05-05T10:20:02","guid":{"rendered":"https:\/\/kanu-gruppe-wilster.de\/?p=10841"},"modified":"2025-05-05T12:35:00","modified_gmt":"2025-05-05T10:35:00","slug":"anpaddeln-2025-mit-anschliessender-bootstaufe","status":"publish","type":"post","link":"https:\/\/kanu-gruppe-wilster.de\/index.php\/anpaddeln-2025-mit-anschliessender-bootstaufe\/","title":{"rendered":"Anpaddeln 2025 mit anschliessender Bootstaufe"},"content":{"rendered":"\n<p>Am 1. Sonntag im April fand unser diesj\u00e4hriges Anpaddeln auf der Wilsterau statt. Gegen 10:00 machten sich ca. 15 Erwachsene auf den Weg zu unserem Ziel, dem Rastplatz an der Alten Schmiede. Auf dem R\u00fcckweg stie\u00dfen wir auf unsere Jugendgruppe. Die 10 M\u00e4dchen und Jungen im Alter zwischen 8 und 12 Jahren waren mit ihrer Jugendwartin Sabine bis zum Neuen Anleger in Rumfleth gepaddelt und begleiteten uns auf dem weiteren R\u00fcckweg zum Bootshaus. Im Anschluss an die Paddeltour wurden die beiden neuen Jugendvereinsboote von ihren Sponsoren Peter Wolfsteller (M\u00f6belhaus Wolfsteller) und Thorsten Peters (Provinzial) getauft. Einen ausf\u00fchrlichen Bericht findet ihr unter der <a href=\"https:\/\/kanu-gruppe-wilster.de\/wp-content\/uploads\/2025\/05\/m_25.04.07_Bootstaufen-zum-Saisonstart-durch-die-Sponsoren-Peter-Wolfsteller-Niels-Peters.pdf\"><strong>Rubrik Presse.<\/strong><\/a><\/p>\n\n\n\n<figure class=\"wp-block-image size-full\"><img loading=\"lazy\" width=\"751\" height=\"562\" src=\"https:\/\/kanu-gruppe-wilster.de\/wp-content\/uploads\/2025\/05\/image-1.png\" alt=\"\" class=\"wp-image-10844\" srcset=\"https:\/\/kanu-gruppe-wilster.de\/wp-content\/uploads\/2025\/05\/image-1.png 751w, https:\/\/kanu-gruppe-wilster.de\/wp-content\/uploads\/2025\/05\/image-1-300x225.png 300w, https:\/\/kanu-gruppe-wilster.de\/wp-content\/uploads\/2025\/05\/image-1-250x187.png 250w\" sizes=\"(max-width: 751px) 100vw, 751px\" \/><\/figure>\n","protected":false},"excerpt":{"rendered":"<p>Am 1. Sonntag im April fand unser diesj\u00e4hriges Anpaddeln auf der Wilsterau statt. Gegen 10:00 machten sich ca. 15 Erwachsene auf den Weg zu unserem Ziel, dem Rastplatz an der Alten Schmiede. Auf dem R\u00fcckweg stie\u00dfen wir auf unsere Jugendgruppe. Die 10 M\u00e4dchen und Jungen im Alter zwischen 8 und 12 Jahren waren mit ihrer<\/p>\n","protected":false},"author":2,"featured_media":0,"comment_status":"closed","ping_status":"open","sticky":false,"template":"","format":"standard","meta":{"ngg_post_thumbnail":0},"categories":[1,5],"tags":[],"yoast_head":"<!-- This site is optimized with the Yoast SEO plugin v19.0 - https:\/\/yoast.com\/wordpress\/plugins\/seo\/ -->\n<title>Anpaddeln 2025 mit anschliessender Bootstaufe &ndash; Kanu Gruppe Wilster e.V.<\/title>\n<meta name=\"robots\" content=\"index, follow, max-snippet:-1, max-image-preview:large, max-video-preview:-1\" \/>\n<link rel=\"canonical\" href=\"https:\/\/kanu-gruppe-wilster.de\/index.php\/anpaddeln-2025-mit-anschliessender-bootstaufe\/\" \/>\n<meta property=\"og:locale\" content=\"de_DE\" \/>\n<meta property=\"og:type\" content=\"article\" \/>\n<meta property=\"og:title\" content=\"Anpaddeln 2025 mit anschliessender Bootstaufe &ndash; Kanu Gruppe Wilster e.V.\" \/>\n<meta property=\"og:description\" content=\"Am 1. Sonntag im April fand unser diesj\u00e4hriges Anpaddeln auf der Wilsterau statt. Gegen 10:00 machten sich ca. 15 Erwachsene auf den Weg zu unserem Ziel, dem Rastplatz an der Alten Schmiede. Auf dem R\u00fcckweg stie\u00dfen wir auf unsere Jugendgruppe. Die 10 M\u00e4dchen und Jungen im Alter zwischen 8 und 12 Jahren waren mit ihrer\" \/>\n<meta property=\"og:url\" content=\"https:\/\/kanu-gruppe-wilster.de\/index.php\/anpaddeln-2025-mit-anschliessender-bootstaufe\/\" \/>\n<meta property=\"og:site_name\" content=\"Kanu Gruppe Wilster e.V.\" \/>\n<meta property=\"article:published_time\" content=\"2025-05-05T10:20:02+00:00\" \/>\n<meta property=\"article:modified_time\" content=\"2025-05-05T10:35:00+00:00\" \/>\n<meta property=\"og:image\" content=\"https:\/\/kanu-gruppe-wilster.de\/wp-content\/uploads\/2025\/05\/image-1.png\" \/>\n<meta name=\"twitter:card\" content=\"summary\" \/>\n<meta name=\"twitter:label1\" content=\"Verfasst von\" \/>\n\t<meta name=\"twitter:data1\" content=\"UweMuenster\" \/>\n\t<meta name=\"twitter:label2\" content=\"Gesch\u00e4tzte Lesezeit\" \/>\n\t<meta name=\"twitter:data2\" content=\"1\u00a0Minute\" \/>\n<script type=\"application\/ld+json\" class=\"yoast-schema-graph\">{\"@context\":\"https:\/\/schema.org\",\"@graph\":[{\"@type\":\"WebSite\",\"@id\":\"https:\/\/kanu-gruppe-wilster.de\/#website\",\"url\":\"https:\/\/kanu-gruppe-wilster.de\/\",\"name\":\"Kanu Gruppe Wilster e.V.\",\"description\":\"Kanuverein an der Wilster Au\",\"potentialAction\":[{\"@type\":\"SearchAction\",\"target\":{\"@type\":\"EntryPoint\",\"urlTemplate\":\"https:\/\/kanu-gruppe-wilster.de\/?s={search_term_string}\"},\"query-input\":\"required name=search_term_string\"}],\"inLanguage\":\"de\"},{\"@type\":\"ImageObject\",\"inLanguage\":\"de\",\"@id\":\"https:\/\/kanu-gruppe-wilster.de\/index.php\/anpaddeln-2025-mit-anschliessender-bootstaufe\/#primaryimage\",\"url\":\"https:\/\/kanu-gruppe-wilster.de\/wp-content\/uploads\/2025\/05\/image-1.png\",\"contentUrl\":\"https:\/\/kanu-gruppe-wilster.de\/wp-content\/uploads\/2025\/05\/image-1.png\",\"width\":751,\"height\":562},{\"@type\":\"WebPage\",\"@id\":\"https:\/\/kanu-gruppe-wilster.de\/index.php\/anpaddeln-2025-mit-anschliessender-bootstaufe\/#webpage\",\"url\":\"https:\/\/kanu-gruppe-wilster.de\/index.php\/anpaddeln-2025-mit-anschliessender-bootstaufe\/\",\"name\":\"Anpaddeln 2025 mit anschliessender Bootstaufe &ndash; Kanu Gruppe Wilster e.V.\",\"isPartOf\":{\"@id\":\"https:\/\/kanu-gruppe-wilster.de\/#website\"},\"primaryImageOfPage\":{\"@id\":\"https:\/\/kanu-gruppe-wilster.de\/index.php\/anpaddeln-2025-mit-anschliessender-bootstaufe\/#primaryimage\"},\"datePublished\":\"2025-05-05T10:20:02+00:00\",\"dateModified\":\"2025-05-05T10:35:00+00:00\",\"author\":{\"@id\":\"https:\/\/kanu-gruppe-wilster.de\/#\/schema\/person\/7489fc75ff891776bcddaa56e64dbb54\"},\"breadcrumb\":{\"@id\":\"https:\/\/kanu-gruppe-wilster.de\/index.php\/anpaddeln-2025-mit-anschliessender-bootstaufe\/#breadcrumb\"},\"inLanguage\":\"de\",\"potentialAction\":[{\"@type\":\"ReadAction\",\"target\":[\"https:\/\/kanu-gruppe-wilster.de\/index.php\/anpaddeln-2025-mit-anschliessender-bootstaufe\/\"]}]},{\"@type\":\"BreadcrumbList\",\"@id\":\"https:\/\/kanu-gruppe-wilster.de\/index.php\/anpaddeln-2025-mit-anschliessender-bootstaufe\/#breadcrumb\",\"itemListElement\":[{\"@type\":\"ListItem\",\"position\":1,\"name\":\"Startseite\",\"item\":\"https:\/\/kanu-gruppe-wilster.de\/\"},{\"@type\":\"ListItem\",\"position\":2,\"name\":\"Anpaddeln 2025 mit anschliessender Bootstaufe\"}]},{\"@type\":\"Person\",\"@id\":\"https:\/\/kanu-gruppe-wilster.de\/#\/schema\/person\/7489fc75ff891776bcddaa56e64dbb54\",\"name\":\"UweMuenster\",\"image\":{\"@type\":\"ImageObject\",\"inLanguage\":\"de\",\"@id\":\"https:\/\/kanu-gruppe-wilster.de\/#\/schema\/person\/image\/\",\"url\":\"https:\/\/secure.gravatar.com\/avatar\/633d80af5ecf11a7e42ad51ef88894a9?s=96&d=mm&r=g\",\"contentUrl\":\"https:\/\/secure.gravatar.com\/avatar\/633d80af5ecf11a7e42ad51ef88894a9?s=96&d=mm&r=g\",\"caption\":\"UweMuenster\"},\"url\":\"https:\/\/kanu-gruppe-wilster.de\/index.php\/author\/uwemuenster\/\"}]}<\/script>\n<!-- \/ Yoast SEO plugin. -->","yoast_head_json":{"title":"Anpaddeln 2025 mit anschliessender Bootstaufe &ndash; Kanu Gruppe Wilster e.V.","robots":{"index":"index","follow":"follow","max-snippet":"max-snippet:-1","max-image-preview":"max-image-preview:large","max-video-preview":"max-video-preview:-1"},"canonical":"https:\/\/kanu-gruppe-wilster.de\/index.php\/anpaddeln-2025-mit-anschliessender-bootstaufe\/","og_locale":"de_DE","og_type":"article","og_title":"Anpaddeln 2025 mit anschliessender Bootstaufe &ndash; Kanu Gruppe Wilster e.V.","og_description":"Am 1. Sonntag im April fand unser diesj\u00e4hriges Anpaddeln auf der Wilsterau statt. Gegen 10:00 machten sich ca. 15 Erwachsene auf den Weg zu unserem Ziel, dem Rastplatz an der Alten Schmiede. Auf dem R\u00fcckweg stie\u00dfen wir auf unsere Jugendgruppe. Die 10 M\u00e4dchen und Jungen im Alter zwischen 8 und 12 Jahren waren mit ihrer","og_url":"https:\/\/kanu-gruppe-wilster.de\/index.php\/anpaddeln-2025-mit-anschliessender-bootstaufe\/","og_site_name":"Kanu Gruppe Wilster e.V.","article_published_time":"2025-05-05T10:20:02+00:00","article_modified_time":"2025-05-05T10:35:00+00:00","og_image":[{"url":"https:\/\/kanu-gruppe-wilster.de\/wp-content\/uploads\/2025\/05\/image-1.png"}],"twitter_card":"summary","twitter_misc":{"Verfasst von":"UweMuenster","Gesch\u00e4tzte Lesezeit":"1\u00a0Minute"},"schema":{"@context":"https:\/\/schema.org","@graph":[{"@type":"WebSite","@id":"https:\/\/kanu-gruppe-wilster.de\/#website","url":"https:\/\/kanu-gruppe-wilster.de\/","name":"Kanu Gruppe Wilster e.V.","description":"Kanuverein an der Wilster Au","potentialAction":[{"@type":"SearchAction","target":{"@type":"EntryPoint","urlTemplate":"https:\/\/kanu-gruppe-wilster.de\/?s={search_term_string}"},"query-input":"required name=search_term_string"}],"inLanguage":"de"},{"@type":"ImageObject","inLanguage":"de","@id":"https:\/\/kanu-gruppe-wilster.de\/index.php\/anpaddeln-2025-mit-anschliessender-bootstaufe\/#primaryimage","url":"https:\/\/kanu-gruppe-wilster.de\/wp-content\/uploads\/2025\/05\/image-1.png","contentUrl":"https:\/\/kanu-gruppe-wilster.de\/wp-content\/uploads\/2025\/05\/image-1.png","width":751,"height":562},{"@type":"WebPage","@id":"https:\/\/kanu-gruppe-wilster.de\/index.php\/anpaddeln-2025-mit-anschliessender-bootstaufe\/#webpage","url":"https:\/\/kanu-gruppe-wilster.de\/index.php\/anpaddeln-2025-mit-anschliessender-bootstaufe\/","name":"Anpaddeln 2025 mit anschliessender Bootstaufe &ndash; Kanu Gruppe Wilster e.V.","isPartOf":{"@id":"https:\/\/kanu-gruppe-wilster.de\/#website"},"primaryImageOfPage":{"@id":"https:\/\/kanu-gruppe-wilster.de\/index.php\/anpaddeln-2025-mit-anschliessender-bootstaufe\/#primaryimage"},"datePublished":"2025-05-05T10:20:02+00:00","dateModified":"2025-05-05T10:35:00+00:00","author":{"@id":"https:\/\/kanu-gruppe-wilster.de\/#\/schema\/person\/7489fc75ff891776bcddaa56e64dbb54"},"breadcrumb":{"@id":"https:\/\/kanu-gruppe-wilster.de\/index.php\/anpaddeln-2025-mit-anschliessender-bootstaufe\/#breadcrumb"},"inLanguage":"de","potentialAction":[{"@type":"ReadAction","target":["https:\/\/kanu-gruppe-wilster.de\/index.php\/anpaddeln-2025-mit-anschliessender-bootstaufe\/"]}]},{"@type":"BreadcrumbList","@id":"https:\/\/kanu-gruppe-wilster.de\/index.php\/anpaddeln-2025-mit-anschliessender-bootstaufe\/#breadcrumb","itemListElement":[{"@type":"ListItem","position":1,"name":"Startseite","item":"https:\/\/kanu-gruppe-wilster.de\/"},{"@type":"ListItem","position":2,"name":"Anpaddeln 2025 mit anschliessender Bootstaufe"}]},{"@type":"Person","@id":"https:\/\/kanu-gruppe-wilster.de\/#\/schema\/person\/7489fc75ff891776bcddaa56e64dbb54","name":"UweMuenster","image":{"@type":"ImageObject","inLanguage":"de","@id":"https:\/\/kanu-gruppe-wilster.de\/#\/schema\/person\/image\/","url":"https:\/\/secure.gravatar.com\/avatar\/633d80af5ecf11a7e42ad51ef88894a9?s=96&d=mm&r=g","contentUrl":"https:\/\/secure.gravatar.com\/avatar\/633d80af5ecf11a7e42ad51ef88894a9?s=96&d=mm&r=g","caption":"UweMuenster"},"url":"https:\/\/kanu-gruppe-wilster.de\/index.php\/author\/uwemuenster\/"}]}},"_links":{"self":[{"href":"https:\/\/kanu-gruppe-wilster.de\/index.php\/wp-json\/wp\/v2\/posts\/10841"}],"collection":[{"href":"https:\/\/kanu-gruppe-wilster.de\/index.php\/wp-json\/wp\/v2\/posts"}],"about":[{"href":"https:\/\/kanu-gruppe-wilster.de\/index.php\/wp-json\/wp\/v2\/types\/post"}],"author":[{"embeddable":true,"href":"https:\/\/kanu-gruppe-wilster.de\/index.php\/wp-json\/wp\/v2\/users\/2"}],"replies":[{"embeddable":true,"href":"https:\/\/kanu-gruppe-wilster.de\/index.php\/wp-json\/wp\/v2\/comments?post=10841"}],"version-history":[{"count":4,"href":"https:\/\/kanu-gruppe-wilster.de\/index.php\/wp-json\/wp\/v2\/posts\/10841\/revisions"}],"predecessor-version":[{"id":10855,"href":"https:\/\/kanu-gruppe-wilster.de\/index.php\/wp-json\/wp\/v2\/posts\/10841\/revisions\/10855"}],"wp:attachment":[{"href":"https:\/\/kanu-gruppe-wilster.de\/index.php\/wp-json\/wp\/v2\/media?parent=10841"}],"wp:term":[{"taxonomy":"category","embeddable":true,"href":"https:\/\/kanu-gruppe-wilster.de\/index.php\/wp-json\/wp\/v2\/categories?post=10841"},{"taxonomy":"post_tag","embeddable":true,"href":"https:\/\/kanu-gruppe-wilster.de\/index.php\/wp-json\/wp\/v2\/tags?post=10841"}],"curies":[{"name":"wp","href":"https:\/\/api.w.org\/{rel}","templated":true}]}}