{"id":10648,"date":"2024-12-10T16:35:36","date_gmt":"2024-12-10T15:35:36","guid":{"rendered":"https:\/\/kanu-gruppe-wilster.de\/?p=10648"},"modified":"2024-12-17T16:38:31","modified_gmt":"2024-12-17T15:38:31","slug":"umgestuerzter-baum-versperrt-die-durchfahrt-bei-wilsterau-km136","status":"publish","type":"post","link":"https:\/\/kanu-gruppe-wilster.de\/index.php\/umgestuerzter-baum-versperrt-die-durchfahrt-bei-wilsterau-km136\/","title":{"rendered":"Umgest\u00fcrzter Baum versperrt die Durchfahrt bei Wilsterau KM13,6"},"content":{"rendered":"\n<p>Am Dienstag 10.12.2024 versperrte ein umgest\u00fcrzter Baum bei Wilsterau KM 13,6 (Paletten Kr\u00fcger) die Durchfahrt.<\/p>\n\n\n\n<figure class=\"wp-block-image size-large\"><img loading=\"lazy\" width=\"1024\" height=\"768\" src=\"https:\/\/kanu-gruppe-wilster.de\/wp-content\/uploads\/2024\/12\/IMG_3462-min-1024x768.jpeg\" alt=\"\" class=\"wp-image-10649\" srcset=\"https:\/\/kanu-gruppe-wilster.de\/wp-content\/uploads\/2024\/12\/IMG_3462-min-1024x768.jpeg 1024w, https:\/\/kanu-gruppe-wilster.de\/wp-content\/uploads\/2024\/12\/IMG_3462-min-300x225.jpeg 300w, https:\/\/kanu-gruppe-wilster.de\/wp-content\/uploads\/2024\/12\/IMG_3462-min-768x576.jpeg 768w, https:\/\/kanu-gruppe-wilster.de\/wp-content\/uploads\/2024\/12\/IMG_3462-min-1536x1152.jpeg 1536w, https:\/\/kanu-gruppe-wilster.de\/wp-content\/uploads\/2024\/12\/IMG_3462-min-2048x1536.jpeg 2048w, https:\/\/kanu-gruppe-wilster.de\/wp-content\/uploads\/2024\/12\/IMG_3462-min-249x187.jpeg 249w, https:\/\/kanu-gruppe-wilster.de\/wp-content\/uploads\/2024\/12\/IMG_3462-min-1170x878.jpeg 1170w\" sizes=\"(max-width: 1024px) 100vw, 1024px\" \/><\/figure>\n\n\n\n<p>Die Krone des Baum wurde am Freitag, den 13.12.2024 abges\u00e4gt und mit einem Bagger geborgen. Damit war dieser Bereich mit Kajaks wieder passierbar.<\/p>\n\n\n\n<p>Heute, am 16.12.2024, kippte der n\u00e4chste Baum nur ca. 50m entfernt von dem ersten Baum in die Wilsterau. Dieser versperrt jetzt die Wilsterau komplett.<\/p>\n\n\n\n<figure class=\"wp-container-2 wp-block-gallery-1 wp-block-gallery has-nested-images columns-default is-cropped\">\n<figure class=\"wp-block-image size-large\"><img loading=\"lazy\" width=\"1024\" height=\"768\" data-id=\"10654\"  src=\"https:\/\/kanu-gruppe-wilster.de\/wp-content\/uploads\/2024\/12\/IMG_3555-min-1-1024x768.jpeg\" alt=\"\" class=\"wp-image-10654\" srcset=\"https:\/\/kanu-gruppe-wilster.de\/wp-content\/uploads\/2024\/12\/IMG_3555-min-1-1024x768.jpeg 1024w, https:\/\/kanu-gruppe-wilster.de\/wp-content\/uploads\/2024\/12\/IMG_3555-min-1-300x225.jpeg 300w, https:\/\/kanu-gruppe-wilster.de\/wp-content\/uploads\/2024\/12\/IMG_3555-min-1-768x576.jpeg 768w, https:\/\/kanu-gruppe-wilster.de\/wp-content\/uploads\/2024\/12\/IMG_3555-min-1-1536x1152.jpeg 1536w, https:\/\/kanu-gruppe-wilster.de\/wp-content\/uploads\/2024\/12\/IMG_3555-min-1-2048x1536.jpeg 2048w, https:\/\/kanu-gruppe-wilster.de\/wp-content\/uploads\/2024\/12\/IMG_3555-min-1-249x187.jpeg 249w, https:\/\/kanu-gruppe-wilster.de\/wp-content\/uploads\/2024\/12\/IMG_3555-min-1-1170x878.jpeg 1170w\" sizes=\"(max-width: 1024px) 100vw, 1024px\" \/><\/figure>\n<\/figure>\n","protected":false},"excerpt":{"rendered":"<p>Am Dienstag 10.12.2024 versperrte ein umgest\u00fcrzter Baum bei Wilsterau KM 13,6 (Paletten Kr\u00fcger) die Durchfahrt. Die Krone des Baum wurde am Freitag, den 13.12.2024 abges\u00e4gt und mit einem Bagger geborgen. Damit war dieser Bereich mit Kajaks wieder passierbar. Heute, am 16.12.2024, kippte der n\u00e4chste Baum nur ca. 50m entfernt von dem ersten Baum in die<\/p>\n","protected":false},"author":2,"featured_media":0,"comment_status":"open","ping_status":"open","sticky":false,"template":"","format":"standard","meta":{"ngg_post_thumbnail":0},"categories":[4,1],"tags":[],"yoast_head":"<!-- This site is optimized with the Yoast SEO plugin v19.0 - https:\/\/yoast.com\/wordpress\/plugins\/seo\/ -->\n<title>Umgest\u00fcrzter Baum versperrt die Durchfahrt bei Wilsterau KM13,6 &ndash; Kanu Gruppe Wilster e.V.<\/title>\n<meta name=\"robots\" content=\"index, follow, max-snippet:-1, max-image-preview:large, max-video-preview:-1\" \/>\n<link rel=\"canonical\" href=\"https:\/\/kanu-gruppe-wilster.de\/index.php\/umgestuerzter-baum-versperrt-die-durchfahrt-bei-wilsterau-km136\/\" \/>\n<meta property=\"og:locale\" content=\"de_DE\" \/>\n<meta property=\"og:type\" content=\"article\" \/>\n<meta property=\"og:title\" content=\"Umgest\u00fcrzter Baum versperrt die Durchfahrt bei Wilsterau KM13,6 &ndash; Kanu Gruppe Wilster e.V.\" \/>\n<meta property=\"og:description\" content=\"Am Dienstag 10.12.2024 versperrte ein umgest\u00fcrzter Baum bei Wilsterau KM 13,6 (Paletten Kr\u00fcger) die Durchfahrt. Die Krone des Baum wurde am Freitag, den 13.12.2024 abges\u00e4gt und mit einem Bagger geborgen. Damit war dieser Bereich mit Kajaks wieder passierbar. Heute, am 16.12.2024, kippte der n\u00e4chste Baum nur ca. 50m entfernt von dem ersten Baum in die\" \/>\n<meta property=\"og:url\" content=\"https:\/\/kanu-gruppe-wilster.de\/index.php\/umgestuerzter-baum-versperrt-die-durchfahrt-bei-wilsterau-km136\/\" \/>\n<meta property=\"og:site_name\" content=\"Kanu Gruppe Wilster e.V.\" \/>\n<meta property=\"article:published_time\" content=\"2024-12-10T15:35:36+00:00\" \/>\n<meta property=\"article:modified_time\" content=\"2024-12-17T15:38:31+00:00\" \/>\n<meta property=\"og:image\" content=\"https:\/\/kanu-gruppe-wilster.de\/wp-content\/uploads\/2024\/12\/IMG_3462-min-1024x768.jpeg\" \/>\n<meta name=\"twitter:card\" content=\"summary\" \/>\n<meta name=\"twitter:label1\" content=\"Verfasst von\" \/>\n\t<meta name=\"twitter:data1\" content=\"UweMuenster\" \/>\n\t<meta name=\"twitter:label2\" content=\"Gesch\u00e4tzte Lesezeit\" \/>\n\t<meta name=\"twitter:data2\" content=\"1\u00a0Minute\" \/>\n<script type=\"application\/ld+json\" class=\"yoast-schema-graph\">{\"@context\":\"https:\/\/schema.org\",\"@graph\":[{\"@type\":\"WebSite\",\"@id\":\"https:\/\/kanu-gruppe-wilster.de\/#website\",\"url\":\"https:\/\/kanu-gruppe-wilster.de\/\",\"name\":\"Kanu Gruppe Wilster e.V.\",\"description\":\"Kanuverein an der Wilster Au\",\"potentialAction\":[{\"@type\":\"SearchAction\",\"target\":{\"@type\":\"EntryPoint\",\"urlTemplate\":\"https:\/\/kanu-gruppe-wilster.de\/?s={search_term_string}\"},\"query-input\":\"required name=search_term_string\"}],\"inLanguage\":\"de\"},{\"@type\":\"ImageObject\",\"inLanguage\":\"de\",\"@id\":\"https:\/\/kanu-gruppe-wilster.de\/index.php\/umgestuerzter-baum-versperrt-die-durchfahrt-bei-wilsterau-km136\/#primaryimage\",\"url\":\"https:\/\/kanu-gruppe-wilster.de\/wp-content\/uploads\/2024\/12\/IMG_3462-min-1024x768.jpeg\",\"contentUrl\":\"https:\/\/kanu-gruppe-wilster.de\/wp-content\/uploads\/2024\/12\/IMG_3462-min-1024x768.jpeg\"},{\"@type\":\"WebPage\",\"@id\":\"https:\/\/kanu-gruppe-wilster.de\/index.php\/umgestuerzter-baum-versperrt-die-durchfahrt-bei-wilsterau-km136\/#webpage\",\"url\":\"https:\/\/kanu-gruppe-wilster.de\/index.php\/umgestuerzter-baum-versperrt-die-durchfahrt-bei-wilsterau-km136\/\",\"name\":\"Umgest\u00fcrzter Baum versperrt die Durchfahrt bei Wilsterau KM13,6 &ndash; Kanu Gruppe Wilster e.V.\",\"isPartOf\":{\"@id\":\"https:\/\/kanu-gruppe-wilster.de\/#website\"},\"primaryImageOfPage\":{\"@id\":\"https:\/\/kanu-gruppe-wilster.de\/index.php\/umgestuerzter-baum-versperrt-die-durchfahrt-bei-wilsterau-km136\/#primaryimage\"},\"datePublished\":\"2024-12-10T15:35:36+00:00\",\"dateModified\":\"2024-12-17T15:38:31+00:00\",\"author\":{\"@id\":\"https:\/\/kanu-gruppe-wilster.de\/#\/schema\/person\/7489fc75ff891776bcddaa56e64dbb54\"},\"breadcrumb\":{\"@id\":\"https:\/\/kanu-gruppe-wilster.de\/index.php\/umgestuerzter-baum-versperrt-die-durchfahrt-bei-wilsterau-km136\/#breadcrumb\"},\"inLanguage\":\"de\",\"potentialAction\":[{\"@type\":\"ReadAction\",\"target\":[\"https:\/\/kanu-gruppe-wilster.de\/index.php\/umgestuerzter-baum-versperrt-die-durchfahrt-bei-wilsterau-km136\/\"]}]},{\"@type\":\"BreadcrumbList\",\"@id\":\"https:\/\/kanu-gruppe-wilster.de\/index.php\/umgestuerzter-baum-versperrt-die-durchfahrt-bei-wilsterau-km136\/#breadcrumb\",\"itemListElement\":[{\"@type\":\"ListItem\",\"position\":1,\"name\":\"Startseite\",\"item\":\"https:\/\/kanu-gruppe-wilster.de\/\"},{\"@type\":\"ListItem\",\"position\":2,\"name\":\"Umgest\u00fcrzter Baum versperrt die Durchfahrt bei Wilsterau KM13,6\"}]},{\"@type\":\"Person\",\"@id\":\"https:\/\/kanu-gruppe-wilster.de\/#\/schema\/person\/7489fc75ff891776bcddaa56e64dbb54\",\"name\":\"UweMuenster\",\"image\":{\"@type\":\"ImageObject\",\"inLanguage\":\"de\",\"@id\":\"https:\/\/kanu-gruppe-wilster.de\/#\/schema\/person\/image\/\",\"url\":\"https:\/\/secure.gravatar.com\/avatar\/633d80af5ecf11a7e42ad51ef88894a9?s=96&d=mm&r=g\",\"contentUrl\":\"https:\/\/secure.gravatar.com\/avatar\/633d80af5ecf11a7e42ad51ef88894a9?s=96&d=mm&r=g\",\"caption\":\"UweMuenster\"},\"url\":\"https:\/\/kanu-gruppe-wilster.de\/index.php\/author\/uwemuenster\/\"}]}<\/script>\n<!-- \/ Yoast SEO plugin. -->","yoast_head_json":{"title":"Umgest\u00fcrzter Baum versperrt die Durchfahrt bei Wilsterau KM13,6 &ndash; Kanu Gruppe Wilster e.V.","robots":{"index":"index","follow":"follow","max-snippet":"max-snippet:-1","max-image-preview":"max-image-preview:large","max-video-preview":"max-video-preview:-1"},"canonical":"https:\/\/kanu-gruppe-wilster.de\/index.php\/umgestuerzter-baum-versperrt-die-durchfahrt-bei-wilsterau-km136\/","og_locale":"de_DE","og_type":"article","og_title":"Umgest\u00fcrzter Baum versperrt die Durchfahrt bei Wilsterau KM13,6 &ndash; Kanu Gruppe Wilster e.V.","og_description":"Am Dienstag 10.12.2024 versperrte ein umgest\u00fcrzter Baum bei Wilsterau KM 13,6 (Paletten Kr\u00fcger) die Durchfahrt. Die Krone des Baum wurde am Freitag, den 13.12.2024 abges\u00e4gt und mit einem Bagger geborgen. Damit war dieser Bereich mit Kajaks wieder passierbar. Heute, am 16.12.2024, kippte der n\u00e4chste Baum nur ca. 50m entfernt von dem ersten Baum in die","og_url":"https:\/\/kanu-gruppe-wilster.de\/index.php\/umgestuerzter-baum-versperrt-die-durchfahrt-bei-wilsterau-km136\/","og_site_name":"Kanu Gruppe Wilster e.V.","article_published_time":"2024-12-10T15:35:36+00:00","article_modified_time":"2024-12-17T15:38:31+00:00","og_image":[{"url":"https:\/\/kanu-gruppe-wilster.de\/wp-content\/uploads\/2024\/12\/IMG_3462-min-1024x768.jpeg"}],"twitter_card":"summary","twitter_misc":{"Verfasst von":"UweMuenster","Gesch\u00e4tzte Lesezeit":"1\u00a0Minute"},"schema":{"@context":"https:\/\/schema.org","@graph":[{"@type":"WebSite","@id":"https:\/\/kanu-gruppe-wilster.de\/#website","url":"https:\/\/kanu-gruppe-wilster.de\/","name":"Kanu Gruppe Wilster e.V.","description":"Kanuverein an der Wilster Au","potentialAction":[{"@type":"SearchAction","target":{"@type":"EntryPoint","urlTemplate":"https:\/\/kanu-gruppe-wilster.de\/?s={search_term_string}"},"query-input":"required name=search_term_string"}],"inLanguage":"de"},{"@type":"ImageObject","inLanguage":"de","@id":"https:\/\/kanu-gruppe-wilster.de\/index.php\/umgestuerzter-baum-versperrt-die-durchfahrt-bei-wilsterau-km136\/#primaryimage","url":"https:\/\/kanu-gruppe-wilster.de\/wp-content\/uploads\/2024\/12\/IMG_3462-min-1024x768.jpeg","contentUrl":"https:\/\/kanu-gruppe-wilster.de\/wp-content\/uploads\/2024\/12\/IMG_3462-min-1024x768.jpeg"},{"@type":"WebPage","@id":"https:\/\/kanu-gruppe-wilster.de\/index.php\/umgestuerzter-baum-versperrt-die-durchfahrt-bei-wilsterau-km136\/#webpage","url":"https:\/\/kanu-gruppe-wilster.de\/index.php\/umgestuerzter-baum-versperrt-die-durchfahrt-bei-wilsterau-km136\/","name":"Umgest\u00fcrzter Baum versperrt die Durchfahrt bei Wilsterau KM13,6 &ndash; Kanu Gruppe Wilster e.V.","isPartOf":{"@id":"https:\/\/kanu-gruppe-wilster.de\/#website"},"primaryImageOfPage":{"@id":"https:\/\/kanu-gruppe-wilster.de\/index.php\/umgestuerzter-baum-versperrt-die-durchfahrt-bei-wilsterau-km136\/#primaryimage"},"datePublished":"2024-12-10T15:35:36+00:00","dateModified":"2024-12-17T15:38:31+00:00","author":{"@id":"https:\/\/kanu-gruppe-wilster.de\/#\/schema\/person\/7489fc75ff891776bcddaa56e64dbb54"},"breadcrumb":{"@id":"https:\/\/kanu-gruppe-wilster.de\/index.php\/umgestuerzter-baum-versperrt-die-durchfahrt-bei-wilsterau-km136\/#breadcrumb"},"inLanguage":"de","potentialAction":[{"@type":"ReadAction","target":["https:\/\/kanu-gruppe-wilster.de\/index.php\/umgestuerzter-baum-versperrt-die-durchfahrt-bei-wilsterau-km136\/"]}]},{"@type":"BreadcrumbList","@id":"https:\/\/kanu-gruppe-wilster.de\/index.php\/umgestuerzter-baum-versperrt-die-durchfahrt-bei-wilsterau-km136\/#breadcrumb","itemListElement":[{"@type":"ListItem","position":1,"name":"Startseite","item":"https:\/\/kanu-gruppe-wilster.de\/"},{"@type":"ListItem","position":2,"name":"Umgest\u00fcrzter Baum versperrt die Durchfahrt bei Wilsterau KM13,6"}]},{"@type":"Person","@id":"https:\/\/kanu-gruppe-wilster.de\/#\/schema\/person\/7489fc75ff891776bcddaa56e64dbb54","name":"UweMuenster","image":{"@type":"ImageObject","inLanguage":"de","@id":"https:\/\/kanu-gruppe-wilster.de\/#\/schema\/person\/image\/","url":"https:\/\/secure.gravatar.com\/avatar\/633d80af5ecf11a7e42ad51ef88894a9?s=96&d=mm&r=g","contentUrl":"https:\/\/secure.gravatar.com\/avatar\/633d80af5ecf11a7e42ad51ef88894a9?s=96&d=mm&r=g","caption":"UweMuenster"},"url":"https:\/\/kanu-gruppe-wilster.de\/index.php\/author\/uwemuenster\/"}]}},"_links":{"self":[{"href":"https:\/\/kanu-gruppe-wilster.de\/index.php\/wp-json\/wp\/v2\/posts\/10648"}],"collection":[{"href":"https:\/\/kanu-gruppe-wilster.de\/index.php\/wp-json\/wp\/v2\/posts"}],"about":[{"href":"https:\/\/kanu-gruppe-wilster.de\/index.php\/wp-json\/wp\/v2\/types\/post"}],"author":[{"embeddable":true,"href":"https:\/\/kanu-gruppe-wilster.de\/index.php\/wp-json\/wp\/v2\/users\/2"}],"replies":[{"embeddable":true,"href":"https:\/\/kanu-gruppe-wilster.de\/index.php\/wp-json\/wp\/v2\/comments?post=10648"}],"version-history":[{"count":2,"href":"https:\/\/kanu-gruppe-wilster.de\/index.php\/wp-json\/wp\/v2\/posts\/10648\/revisions"}],"predecessor-version":[{"id":10655,"href":"https:\/\/kanu-gruppe-wilster.de\/index.php\/wp-json\/wp\/v2\/posts\/10648\/revisions\/10655"}],"wp:attachment":[{"href":"https:\/\/kanu-gruppe-wilster.de\/index.php\/wp-json\/wp\/v2\/media?parent=10648"}],"wp:term":[{"taxonomy":"category","embeddable":true,"href":"https:\/\/kanu-gruppe-wilster.de\/index.php\/wp-json\/wp\/v2\/categories?post=10648"},{"taxonomy":"post_tag","embeddable":true,"href":"https:\/\/kanu-gruppe-wilster.de\/index.php\/wp-json\/wp\/v2\/tags?post=10648"}],"curies":[{"name":"wp","href":"https:\/\/api.w.org\/{rel}","templated":true}]}}