{"id":10425,"date":"2024-06-18T20:49:15","date_gmt":"2024-06-18T18:49:15","guid":{"rendered":"https:\/\/kanu-gruppe-wilster.de\/?p=10425"},"modified":"2024-06-18T20:53:40","modified_gmt":"2024-06-18T18:53:40","slug":"wir-haben-jetzt-eine-senioren-gruppe","status":"publish","type":"post","link":"https:\/\/kanu-gruppe-wilster.de\/index.php\/wir-haben-jetzt-eine-senioren-gruppe\/","title":{"rendered":"Wir haben jetzt eine Senioren Gruppe!"},"content":{"rendered":"\n<p>Auf der Jahreshauptversammlung 2024 wurde beschlossen eine Senioren Gruppe innerhalb der KGW zu gr\u00fcnden. ein erstes Treffen fand im Februar statt. Mit dieser Gruppe m\u00f6chte die Kanu Gruppe alle Oldies ansprechen. Die Treffen finden grunds\u00e4tzlich an jedem  1. -ten Montag im Monat statt. Treffpunkt ist das Bootshaus um 14.30. Einen Bericht \u00fcber diese neue Gruppe findet Ihr unter dem folgenden <a href=\"https:\/\/kanu-gruppe-wilster.de\/wp-content\/uploads\/2024\/06\/m_24.05.18-Seniorengruppe_Wilstersche_Zeitung.pdf\">Link<\/a><\/p>\n\n\n\n<figure class=\"wp-container-2 wp-block-gallery-1 wp-block-gallery has-nested-images columns-default is-cropped\">\n<figure class=\"wp-block-image size-large\"><img loading=\"lazy\" width=\"2560\" height=\"1707\" data-id=\"10420\"  src=\"https:\/\/kanu-gruppe-wilster.de\/wp-content\/uploads\/2024\/06\/m_24.05.06_Fahrradtour-scaled.jpg\" alt=\"\" class=\"wp-image-10420\" srcset=\"https:\/\/kanu-gruppe-wilster.de\/wp-content\/uploads\/2024\/06\/m_24.05.06_Fahrradtour-scaled.jpg 2560w, https:\/\/kanu-gruppe-wilster.de\/wp-content\/uploads\/2024\/06\/m_24.05.06_Fahrradtour-300x200.jpg 300w, https:\/\/kanu-gruppe-wilster.de\/wp-content\/uploads\/2024\/06\/m_24.05.06_Fahrradtour-1024x683.jpg 1024w, https:\/\/kanu-gruppe-wilster.de\/wp-content\/uploads\/2024\/06\/m_24.05.06_Fahrradtour-768x512.jpg 768w, https:\/\/kanu-gruppe-wilster.de\/wp-content\/uploads\/2024\/06\/m_24.05.06_Fahrradtour-1536x1024.jpg 1536w, https:\/\/kanu-gruppe-wilster.de\/wp-content\/uploads\/2024\/06\/m_24.05.06_Fahrradtour-2048x1365.jpg 2048w, https:\/\/kanu-gruppe-wilster.de\/wp-content\/uploads\/2024\/06\/m_24.05.06_Fahrradtour-280x187.jpg 280w, https:\/\/kanu-gruppe-wilster.de\/wp-content\/uploads\/2024\/06\/m_24.05.06_Fahrradtour-1170x780.jpg 1170w\" sizes=\"(max-width: 2560px) 100vw, 2560px\" \/><\/figure>\n<\/figure>\n","protected":false},"excerpt":{"rendered":"<p>Auf der Jahreshauptversammlung 2024 wurde beschlossen eine Senioren Gruppe innerhalb der KGW zu gr\u00fcnden. ein erstes Treffen fand im Februar statt. Mit dieser Gruppe m\u00f6chte die Kanu Gruppe alle Oldies ansprechen. Die Treffen finden grunds\u00e4tzlich an jedem 1. -ten Montag im Monat statt. Treffpunkt ist das Bootshaus um 14.30. Einen Bericht \u00fcber diese neue Gruppe<\/p>\n","protected":false},"author":2,"featured_media":0,"comment_status":"open","ping_status":"open","sticky":false,"template":"","format":"standard","meta":{"ngg_post_thumbnail":0},"categories":[3,4,1,5],"tags":[],"yoast_head":"<!-- This site is optimized with the Yoast SEO plugin v19.0 - https:\/\/yoast.com\/wordpress\/plugins\/seo\/ -->\n<title>Wir haben jetzt eine Senioren Gruppe! &ndash; Kanu Gruppe Wilster e.V.<\/title>\n<meta name=\"robots\" content=\"index, follow, max-snippet:-1, max-image-preview:large, max-video-preview:-1\" \/>\n<link rel=\"canonical\" href=\"https:\/\/kanu-gruppe-wilster.de\/index.php\/wir-haben-jetzt-eine-senioren-gruppe\/\" \/>\n<meta property=\"og:locale\" content=\"de_DE\" \/>\n<meta property=\"og:type\" content=\"article\" \/>\n<meta property=\"og:title\" content=\"Wir haben jetzt eine Senioren Gruppe! &ndash; Kanu Gruppe Wilster e.V.\" \/>\n<meta property=\"og:description\" content=\"Auf der Jahreshauptversammlung 2024 wurde beschlossen eine Senioren Gruppe innerhalb der KGW zu gr\u00fcnden. ein erstes Treffen fand im Februar statt. Mit dieser Gruppe m\u00f6chte die Kanu Gruppe alle Oldies ansprechen. Die Treffen finden grunds\u00e4tzlich an jedem 1. -ten Montag im Monat statt. Treffpunkt ist das Bootshaus um 14.30. Einen Bericht \u00fcber diese neue Gruppe\" \/>\n<meta property=\"og:url\" content=\"https:\/\/kanu-gruppe-wilster.de\/index.php\/wir-haben-jetzt-eine-senioren-gruppe\/\" \/>\n<meta property=\"og:site_name\" content=\"Kanu Gruppe Wilster e.V.\" \/>\n<meta property=\"article:published_time\" content=\"2024-06-18T18:49:15+00:00\" \/>\n<meta property=\"article:modified_time\" content=\"2024-06-18T18:53:40+00:00\" \/>\n<meta property=\"og:image\" content=\"https:\/\/kanu-gruppe-wilster.de\/wp-content\/uploads\/2024\/06\/m_24.05.06_Fahrradtour-scaled.jpg\" \/>\n<meta name=\"twitter:card\" content=\"summary\" \/>\n<meta name=\"twitter:label1\" content=\"Verfasst von\" \/>\n\t<meta name=\"twitter:data1\" content=\"UweMuenster\" \/>\n\t<meta name=\"twitter:label2\" content=\"Gesch\u00e4tzte Lesezeit\" \/>\n\t<meta name=\"twitter:data2\" content=\"1\u00a0Minute\" \/>\n<script type=\"application\/ld+json\" class=\"yoast-schema-graph\">{\"@context\":\"https:\/\/schema.org\",\"@graph\":[{\"@type\":\"WebSite\",\"@id\":\"https:\/\/kanu-gruppe-wilster.de\/#website\",\"url\":\"https:\/\/kanu-gruppe-wilster.de\/\",\"name\":\"Kanu Gruppe Wilster e.V.\",\"description\":\"Kanuverein an der Wilster Au\",\"potentialAction\":[{\"@type\":\"SearchAction\",\"target\":{\"@type\":\"EntryPoint\",\"urlTemplate\":\"https:\/\/kanu-gruppe-wilster.de\/?s={search_term_string}\"},\"query-input\":\"required name=search_term_string\"}],\"inLanguage\":\"de\"},{\"@type\":\"ImageObject\",\"inLanguage\":\"de\",\"@id\":\"https:\/\/kanu-gruppe-wilster.de\/index.php\/wir-haben-jetzt-eine-senioren-gruppe\/#primaryimage\",\"url\":\"https:\/\/kanu-gruppe-wilster.de\/wp-content\/uploads\/2024\/06\/m_24.05.06_Fahrradtour-scaled.jpg\",\"contentUrl\":\"https:\/\/kanu-gruppe-wilster.de\/wp-content\/uploads\/2024\/06\/m_24.05.06_Fahrradtour-scaled.jpg\",\"width\":2560,\"height\":1707},{\"@type\":\"WebPage\",\"@id\":\"https:\/\/kanu-gruppe-wilster.de\/index.php\/wir-haben-jetzt-eine-senioren-gruppe\/#webpage\",\"url\":\"https:\/\/kanu-gruppe-wilster.de\/index.php\/wir-haben-jetzt-eine-senioren-gruppe\/\",\"name\":\"Wir haben jetzt eine Senioren Gruppe! &ndash; Kanu Gruppe Wilster e.V.\",\"isPartOf\":{\"@id\":\"https:\/\/kanu-gruppe-wilster.de\/#website\"},\"primaryImageOfPage\":{\"@id\":\"https:\/\/kanu-gruppe-wilster.de\/index.php\/wir-haben-jetzt-eine-senioren-gruppe\/#primaryimage\"},\"datePublished\":\"2024-06-18T18:49:15+00:00\",\"dateModified\":\"2024-06-18T18:53:40+00:00\",\"author\":{\"@id\":\"https:\/\/kanu-gruppe-wilster.de\/#\/schema\/person\/7489fc75ff891776bcddaa56e64dbb54\"},\"breadcrumb\":{\"@id\":\"https:\/\/kanu-gruppe-wilster.de\/index.php\/wir-haben-jetzt-eine-senioren-gruppe\/#breadcrumb\"},\"inLanguage\":\"de\",\"potentialAction\":[{\"@type\":\"ReadAction\",\"target\":[\"https:\/\/kanu-gruppe-wilster.de\/index.php\/wir-haben-jetzt-eine-senioren-gruppe\/\"]}]},{\"@type\":\"BreadcrumbList\",\"@id\":\"https:\/\/kanu-gruppe-wilster.de\/index.php\/wir-haben-jetzt-eine-senioren-gruppe\/#breadcrumb\",\"itemListElement\":[{\"@type\":\"ListItem\",\"position\":1,\"name\":\"Startseite\",\"item\":\"https:\/\/kanu-gruppe-wilster.de\/\"},{\"@type\":\"ListItem\",\"position\":2,\"name\":\"Wir haben jetzt eine Senioren Gruppe!\"}]},{\"@type\":\"Person\",\"@id\":\"https:\/\/kanu-gruppe-wilster.de\/#\/schema\/person\/7489fc75ff891776bcddaa56e64dbb54\",\"name\":\"UweMuenster\",\"image\":{\"@type\":\"ImageObject\",\"inLanguage\":\"de\",\"@id\":\"https:\/\/kanu-gruppe-wilster.de\/#\/schema\/person\/image\/\",\"url\":\"https:\/\/secure.gravatar.com\/avatar\/633d80af5ecf11a7e42ad51ef88894a9?s=96&d=mm&r=g\",\"contentUrl\":\"https:\/\/secure.gravatar.com\/avatar\/633d80af5ecf11a7e42ad51ef88894a9?s=96&d=mm&r=g\",\"caption\":\"UweMuenster\"},\"url\":\"https:\/\/kanu-gruppe-wilster.de\/index.php\/author\/uwemuenster\/\"}]}<\/script>\n<!-- \/ Yoast SEO plugin. -->","yoast_head_json":{"title":"Wir haben jetzt eine Senioren Gruppe! &ndash; Kanu Gruppe Wilster e.V.","robots":{"index":"index","follow":"follow","max-snippet":"max-snippet:-1","max-image-preview":"max-image-preview:large","max-video-preview":"max-video-preview:-1"},"canonical":"https:\/\/kanu-gruppe-wilster.de\/index.php\/wir-haben-jetzt-eine-senioren-gruppe\/","og_locale":"de_DE","og_type":"article","og_title":"Wir haben jetzt eine Senioren Gruppe! &ndash; Kanu Gruppe Wilster e.V.","og_description":"Auf der Jahreshauptversammlung 2024 wurde beschlossen eine Senioren Gruppe innerhalb der KGW zu gr\u00fcnden. ein erstes Treffen fand im Februar statt. Mit dieser Gruppe m\u00f6chte die Kanu Gruppe alle Oldies ansprechen. Die Treffen finden grunds\u00e4tzlich an jedem 1. -ten Montag im Monat statt. Treffpunkt ist das Bootshaus um 14.30. Einen Bericht \u00fcber diese neue Gruppe","og_url":"https:\/\/kanu-gruppe-wilster.de\/index.php\/wir-haben-jetzt-eine-senioren-gruppe\/","og_site_name":"Kanu Gruppe Wilster e.V.","article_published_time":"2024-06-18T18:49:15+00:00","article_modified_time":"2024-06-18T18:53:40+00:00","og_image":[{"url":"https:\/\/kanu-gruppe-wilster.de\/wp-content\/uploads\/2024\/06\/m_24.05.06_Fahrradtour-scaled.jpg"}],"twitter_card":"summary","twitter_misc":{"Verfasst von":"UweMuenster","Gesch\u00e4tzte Lesezeit":"1\u00a0Minute"},"schema":{"@context":"https:\/\/schema.org","@graph":[{"@type":"WebSite","@id":"https:\/\/kanu-gruppe-wilster.de\/#website","url":"https:\/\/kanu-gruppe-wilster.de\/","name":"Kanu Gruppe Wilster e.V.","description":"Kanuverein an der Wilster Au","potentialAction":[{"@type":"SearchAction","target":{"@type":"EntryPoint","urlTemplate":"https:\/\/kanu-gruppe-wilster.de\/?s={search_term_string}"},"query-input":"required name=search_term_string"}],"inLanguage":"de"},{"@type":"ImageObject","inLanguage":"de","@id":"https:\/\/kanu-gruppe-wilster.de\/index.php\/wir-haben-jetzt-eine-senioren-gruppe\/#primaryimage","url":"https:\/\/kanu-gruppe-wilster.de\/wp-content\/uploads\/2024\/06\/m_24.05.06_Fahrradtour-scaled.jpg","contentUrl":"https:\/\/kanu-gruppe-wilster.de\/wp-content\/uploads\/2024\/06\/m_24.05.06_Fahrradtour-scaled.jpg","width":2560,"height":1707},{"@type":"WebPage","@id":"https:\/\/kanu-gruppe-wilster.de\/index.php\/wir-haben-jetzt-eine-senioren-gruppe\/#webpage","url":"https:\/\/kanu-gruppe-wilster.de\/index.php\/wir-haben-jetzt-eine-senioren-gruppe\/","name":"Wir haben jetzt eine Senioren Gruppe! &ndash; Kanu Gruppe Wilster e.V.","isPartOf":{"@id":"https:\/\/kanu-gruppe-wilster.de\/#website"},"primaryImageOfPage":{"@id":"https:\/\/kanu-gruppe-wilster.de\/index.php\/wir-haben-jetzt-eine-senioren-gruppe\/#primaryimage"},"datePublished":"2024-06-18T18:49:15+00:00","dateModified":"2024-06-18T18:53:40+00:00","author":{"@id":"https:\/\/kanu-gruppe-wilster.de\/#\/schema\/person\/7489fc75ff891776bcddaa56e64dbb54"},"breadcrumb":{"@id":"https:\/\/kanu-gruppe-wilster.de\/index.php\/wir-haben-jetzt-eine-senioren-gruppe\/#breadcrumb"},"inLanguage":"de","potentialAction":[{"@type":"ReadAction","target":["https:\/\/kanu-gruppe-wilster.de\/index.php\/wir-haben-jetzt-eine-senioren-gruppe\/"]}]},{"@type":"BreadcrumbList","@id":"https:\/\/kanu-gruppe-wilster.de\/index.php\/wir-haben-jetzt-eine-senioren-gruppe\/#breadcrumb","itemListElement":[{"@type":"ListItem","position":1,"name":"Startseite","item":"https:\/\/kanu-gruppe-wilster.de\/"},{"@type":"ListItem","position":2,"name":"Wir haben jetzt eine Senioren Gruppe!"}]},{"@type":"Person","@id":"https:\/\/kanu-gruppe-wilster.de\/#\/schema\/person\/7489fc75ff891776bcddaa56e64dbb54","name":"UweMuenster","image":{"@type":"ImageObject","inLanguage":"de","@id":"https:\/\/kanu-gruppe-wilster.de\/#\/schema\/person\/image\/","url":"https:\/\/secure.gravatar.com\/avatar\/633d80af5ecf11a7e42ad51ef88894a9?s=96&d=mm&r=g","contentUrl":"https:\/\/secure.gravatar.com\/avatar\/633d80af5ecf11a7e42ad51ef88894a9?s=96&d=mm&r=g","caption":"UweMuenster"},"url":"https:\/\/kanu-gruppe-wilster.de\/index.php\/author\/uwemuenster\/"}]}},"_links":{"self":[{"href":"https:\/\/kanu-gruppe-wilster.de\/index.php\/wp-json\/wp\/v2\/posts\/10425"}],"collection":[{"href":"https:\/\/kanu-gruppe-wilster.de\/index.php\/wp-json\/wp\/v2\/posts"}],"about":[{"href":"https:\/\/kanu-gruppe-wilster.de\/index.php\/wp-json\/wp\/v2\/types\/post"}],"author":[{"embeddable":true,"href":"https:\/\/kanu-gruppe-wilster.de\/index.php\/wp-json\/wp\/v2\/users\/2"}],"replies":[{"embeddable":true,"href":"https:\/\/kanu-gruppe-wilster.de\/index.php\/wp-json\/wp\/v2\/comments?post=10425"}],"version-history":[{"count":3,"href":"https:\/\/kanu-gruppe-wilster.de\/index.php\/wp-json\/wp\/v2\/posts\/10425\/revisions"}],"predecessor-version":[{"id":10428,"href":"https:\/\/kanu-gruppe-wilster.de\/index.php\/wp-json\/wp\/v2\/posts\/10425\/revisions\/10428"}],"wp:attachment":[{"href":"https:\/\/kanu-gruppe-wilster.de\/index.php\/wp-json\/wp\/v2\/media?parent=10425"}],"wp:term":[{"taxonomy":"category","embeddable":true,"href":"https:\/\/kanu-gruppe-wilster.de\/index.php\/wp-json\/wp\/v2\/categories?post=10425"},{"taxonomy":"post_tag","embeddable":true,"href":"https:\/\/kanu-gruppe-wilster.de\/index.php\/wp-json\/wp\/v2\/tags?post=10425"}],"curies":[{"name":"wp","href":"https:\/\/api.w.org\/{rel}","templated":true}]}}