{"id":10384,"date":"2024-01-28T12:57:34","date_gmt":"2024-01-28T11:57:34","guid":{"rendered":"https:\/\/kanu-gruppe-wilster.de\/?p=10384"},"modified":"2024-01-28T12:57:37","modified_gmt":"2024-01-28T11:57:37","slug":"einmal-um-die-erde-gepaddelt","status":"publish","type":"post","link":"https:\/\/kanu-gruppe-wilster.de\/index.php\/einmal-um-die-erde-gepaddelt\/","title":{"rendered":"Einmal um die Erde gepaddelt"},"content":{"rendered":"\n<p>Einmal um die Erde gepaddelt<\/p>\n\n\n\n<p>Herzlichen Gl\u00fcckwunsch zu dieser tollen Leistung! Deine Kanu Gruppe Wilster w\u00fcnscht Dir Ingmar weiterhin viel Freude am Paddelsport \u2013 bei Tag und bei Nacht&nbsp;&nbsp;&nbsp; &#8211; auf der Wilsterau und auf Gro\u00dfgew\u00e4ssern. Einen ausf\u00fchrlichen Bericht der WZ findet ihr unter dem <a href=\"https:\/\/zeitung.shz.de\/wilsterschezeitung\/3508\/article\/1967542\/17\/3\/render\/?token=9f84309573d62517ccb54e12f6de3804&amp;vl_platform=ios&amp;vl_app_id=de.shz.tageszeitung&amp;vl_app_version=12.5.0\">Link<\/a><\/p>\n\n\n\n<figure class=\"wp-block-image size-full\"><img loading=\"lazy\" width=\"945\" height=\"681\" src=\"https:\/\/kanu-gruppe-wilster.de\/wp-content\/uploads\/2024\/01\/image.png\" alt=\"\" class=\"wp-image-10385\" srcset=\"https:\/\/kanu-gruppe-wilster.de\/wp-content\/uploads\/2024\/01\/image.png 945w, https:\/\/kanu-gruppe-wilster.de\/wp-content\/uploads\/2024\/01\/image-300x216.png 300w, https:\/\/kanu-gruppe-wilster.de\/wp-content\/uploads\/2024\/01\/image-768x553.png 768w, https:\/\/kanu-gruppe-wilster.de\/wp-content\/uploads\/2024\/01\/image-259x187.png 259w\" sizes=\"(max-width: 945px) 100vw, 945px\" \/><\/figure>\n","protected":false},"excerpt":{"rendered":"<p>Einmal um die Erde gepaddelt Herzlichen Gl\u00fcckwunsch zu dieser tollen Leistung! Deine Kanu Gruppe Wilster w\u00fcnscht Dir Ingmar weiterhin viel Freude am Paddelsport \u2013 bei Tag und bei Nacht&nbsp;&nbsp;&nbsp; &#8211; auf der Wilsterau und auf Gro\u00dfgew\u00e4ssern. Einen ausf\u00fchrlichen Bericht der WZ findet ihr unter dem Link<\/p>\n","protected":false},"author":2,"featured_media":0,"comment_status":"open","ping_status":"open","sticky":false,"template":"","format":"standard","meta":{"ngg_post_thumbnail":0},"categories":[3,4,1,5],"tags":[],"yoast_head":"<!-- This site is optimized with the Yoast SEO plugin v19.0 - https:\/\/yoast.com\/wordpress\/plugins\/seo\/ -->\n<title>Einmal um die Erde gepaddelt &ndash; Kanu Gruppe Wilster e.V.<\/title>\n<meta name=\"robots\" content=\"index, follow, max-snippet:-1, max-image-preview:large, max-video-preview:-1\" \/>\n<link rel=\"canonical\" href=\"https:\/\/kanu-gruppe-wilster.de\/index.php\/einmal-um-die-erde-gepaddelt\/\" \/>\n<meta property=\"og:locale\" content=\"de_DE\" \/>\n<meta property=\"og:type\" content=\"article\" \/>\n<meta property=\"og:title\" content=\"Einmal um die Erde gepaddelt &ndash; Kanu Gruppe Wilster e.V.\" \/>\n<meta property=\"og:description\" content=\"Einmal um die Erde gepaddelt Herzlichen Gl\u00fcckwunsch zu dieser tollen Leistung! Deine Kanu Gruppe Wilster w\u00fcnscht Dir Ingmar weiterhin viel Freude am Paddelsport \u2013 bei Tag und bei Nacht&nbsp;&nbsp;&nbsp; &#8211; auf der Wilsterau und auf Gro\u00dfgew\u00e4ssern. Einen ausf\u00fchrlichen Bericht der WZ findet ihr unter dem Link\" \/>\n<meta property=\"og:url\" content=\"https:\/\/kanu-gruppe-wilster.de\/index.php\/einmal-um-die-erde-gepaddelt\/\" \/>\n<meta property=\"og:site_name\" content=\"Kanu Gruppe Wilster e.V.\" \/>\n<meta property=\"article:published_time\" content=\"2024-01-28T11:57:34+00:00\" \/>\n<meta property=\"article:modified_time\" content=\"2024-01-28T11:57:37+00:00\" \/>\n<meta property=\"og:image\" content=\"https:\/\/kanu-gruppe-wilster.de\/wp-content\/uploads\/2024\/01\/image.png\" \/>\n<meta name=\"twitter:card\" content=\"summary\" \/>\n<meta name=\"twitter:label1\" content=\"Verfasst von\" \/>\n\t<meta name=\"twitter:data1\" content=\"UweMuenster\" \/>\n\t<meta name=\"twitter:label2\" content=\"Gesch\u00e4tzte Lesezeit\" \/>\n\t<meta name=\"twitter:data2\" content=\"1\u00a0Minute\" \/>\n<script type=\"application\/ld+json\" class=\"yoast-schema-graph\">{\"@context\":\"https:\/\/schema.org\",\"@graph\":[{\"@type\":\"WebSite\",\"@id\":\"https:\/\/kanu-gruppe-wilster.de\/#website\",\"url\":\"https:\/\/kanu-gruppe-wilster.de\/\",\"name\":\"Kanu Gruppe Wilster e.V.\",\"description\":\"Kanuverein an der Wilster Au\",\"potentialAction\":[{\"@type\":\"SearchAction\",\"target\":{\"@type\":\"EntryPoint\",\"urlTemplate\":\"https:\/\/kanu-gruppe-wilster.de\/?s={search_term_string}\"},\"query-input\":\"required name=search_term_string\"}],\"inLanguage\":\"de\"},{\"@type\":\"ImageObject\",\"inLanguage\":\"de\",\"@id\":\"https:\/\/kanu-gruppe-wilster.de\/index.php\/einmal-um-die-erde-gepaddelt\/#primaryimage\",\"url\":\"https:\/\/kanu-gruppe-wilster.de\/wp-content\/uploads\/2024\/01\/image.png\",\"contentUrl\":\"https:\/\/kanu-gruppe-wilster.de\/wp-content\/uploads\/2024\/01\/image.png\",\"width\":945,\"height\":681},{\"@type\":\"WebPage\",\"@id\":\"https:\/\/kanu-gruppe-wilster.de\/index.php\/einmal-um-die-erde-gepaddelt\/#webpage\",\"url\":\"https:\/\/kanu-gruppe-wilster.de\/index.php\/einmal-um-die-erde-gepaddelt\/\",\"name\":\"Einmal um die Erde gepaddelt &ndash; Kanu Gruppe Wilster e.V.\",\"isPartOf\":{\"@id\":\"https:\/\/kanu-gruppe-wilster.de\/#website\"},\"primaryImageOfPage\":{\"@id\":\"https:\/\/kanu-gruppe-wilster.de\/index.php\/einmal-um-die-erde-gepaddelt\/#primaryimage\"},\"datePublished\":\"2024-01-28T11:57:34+00:00\",\"dateModified\":\"2024-01-28T11:57:37+00:00\",\"author\":{\"@id\":\"https:\/\/kanu-gruppe-wilster.de\/#\/schema\/person\/7489fc75ff891776bcddaa56e64dbb54\"},\"breadcrumb\":{\"@id\":\"https:\/\/kanu-gruppe-wilster.de\/index.php\/einmal-um-die-erde-gepaddelt\/#breadcrumb\"},\"inLanguage\":\"de\",\"potentialAction\":[{\"@type\":\"ReadAction\",\"target\":[\"https:\/\/kanu-gruppe-wilster.de\/index.php\/einmal-um-die-erde-gepaddelt\/\"]}]},{\"@type\":\"BreadcrumbList\",\"@id\":\"https:\/\/kanu-gruppe-wilster.de\/index.php\/einmal-um-die-erde-gepaddelt\/#breadcrumb\",\"itemListElement\":[{\"@type\":\"ListItem\",\"position\":1,\"name\":\"Startseite\",\"item\":\"https:\/\/kanu-gruppe-wilster.de\/\"},{\"@type\":\"ListItem\",\"position\":2,\"name\":\"Einmal um die Erde gepaddelt\"}]},{\"@type\":\"Person\",\"@id\":\"https:\/\/kanu-gruppe-wilster.de\/#\/schema\/person\/7489fc75ff891776bcddaa56e64dbb54\",\"name\":\"UweMuenster\",\"image\":{\"@type\":\"ImageObject\",\"inLanguage\":\"de\",\"@id\":\"https:\/\/kanu-gruppe-wilster.de\/#\/schema\/person\/image\/\",\"url\":\"https:\/\/secure.gravatar.com\/avatar\/633d80af5ecf11a7e42ad51ef88894a9?s=96&d=mm&r=g\",\"contentUrl\":\"https:\/\/secure.gravatar.com\/avatar\/633d80af5ecf11a7e42ad51ef88894a9?s=96&d=mm&r=g\",\"caption\":\"UweMuenster\"},\"url\":\"https:\/\/kanu-gruppe-wilster.de\/index.php\/author\/uwemuenster\/\"}]}<\/script>\n<!-- \/ Yoast SEO plugin. -->","yoast_head_json":{"title":"Einmal um die Erde gepaddelt &ndash; Kanu Gruppe Wilster e.V.","robots":{"index":"index","follow":"follow","max-snippet":"max-snippet:-1","max-image-preview":"max-image-preview:large","max-video-preview":"max-video-preview:-1"},"canonical":"https:\/\/kanu-gruppe-wilster.de\/index.php\/einmal-um-die-erde-gepaddelt\/","og_locale":"de_DE","og_type":"article","og_title":"Einmal um die Erde gepaddelt &ndash; Kanu Gruppe Wilster e.V.","og_description":"Einmal um die Erde gepaddelt Herzlichen Gl\u00fcckwunsch zu dieser tollen Leistung! Deine Kanu Gruppe Wilster w\u00fcnscht Dir Ingmar weiterhin viel Freude am Paddelsport \u2013 bei Tag und bei Nacht&nbsp;&nbsp;&nbsp; &#8211; auf der Wilsterau und auf Gro\u00dfgew\u00e4ssern. Einen ausf\u00fchrlichen Bericht der WZ findet ihr unter dem Link","og_url":"https:\/\/kanu-gruppe-wilster.de\/index.php\/einmal-um-die-erde-gepaddelt\/","og_site_name":"Kanu Gruppe Wilster e.V.","article_published_time":"2024-01-28T11:57:34+00:00","article_modified_time":"2024-01-28T11:57:37+00:00","og_image":[{"url":"https:\/\/kanu-gruppe-wilster.de\/wp-content\/uploads\/2024\/01\/image.png"}],"twitter_card":"summary","twitter_misc":{"Verfasst von":"UweMuenster","Gesch\u00e4tzte Lesezeit":"1\u00a0Minute"},"schema":{"@context":"https:\/\/schema.org","@graph":[{"@type":"WebSite","@id":"https:\/\/kanu-gruppe-wilster.de\/#website","url":"https:\/\/kanu-gruppe-wilster.de\/","name":"Kanu Gruppe Wilster e.V.","description":"Kanuverein an der Wilster Au","potentialAction":[{"@type":"SearchAction","target":{"@type":"EntryPoint","urlTemplate":"https:\/\/kanu-gruppe-wilster.de\/?s={search_term_string}"},"query-input":"required name=search_term_string"}],"inLanguage":"de"},{"@type":"ImageObject","inLanguage":"de","@id":"https:\/\/kanu-gruppe-wilster.de\/index.php\/einmal-um-die-erde-gepaddelt\/#primaryimage","url":"https:\/\/kanu-gruppe-wilster.de\/wp-content\/uploads\/2024\/01\/image.png","contentUrl":"https:\/\/kanu-gruppe-wilster.de\/wp-content\/uploads\/2024\/01\/image.png","width":945,"height":681},{"@type":"WebPage","@id":"https:\/\/kanu-gruppe-wilster.de\/index.php\/einmal-um-die-erde-gepaddelt\/#webpage","url":"https:\/\/kanu-gruppe-wilster.de\/index.php\/einmal-um-die-erde-gepaddelt\/","name":"Einmal um die Erde gepaddelt &ndash; Kanu Gruppe Wilster e.V.","isPartOf":{"@id":"https:\/\/kanu-gruppe-wilster.de\/#website"},"primaryImageOfPage":{"@id":"https:\/\/kanu-gruppe-wilster.de\/index.php\/einmal-um-die-erde-gepaddelt\/#primaryimage"},"datePublished":"2024-01-28T11:57:34+00:00","dateModified":"2024-01-28T11:57:37+00:00","author":{"@id":"https:\/\/kanu-gruppe-wilster.de\/#\/schema\/person\/7489fc75ff891776bcddaa56e64dbb54"},"breadcrumb":{"@id":"https:\/\/kanu-gruppe-wilster.de\/index.php\/einmal-um-die-erde-gepaddelt\/#breadcrumb"},"inLanguage":"de","potentialAction":[{"@type":"ReadAction","target":["https:\/\/kanu-gruppe-wilster.de\/index.php\/einmal-um-die-erde-gepaddelt\/"]}]},{"@type":"BreadcrumbList","@id":"https:\/\/kanu-gruppe-wilster.de\/index.php\/einmal-um-die-erde-gepaddelt\/#breadcrumb","itemListElement":[{"@type":"ListItem","position":1,"name":"Startseite","item":"https:\/\/kanu-gruppe-wilster.de\/"},{"@type":"ListItem","position":2,"name":"Einmal um die Erde gepaddelt"}]},{"@type":"Person","@id":"https:\/\/kanu-gruppe-wilster.de\/#\/schema\/person\/7489fc75ff891776bcddaa56e64dbb54","name":"UweMuenster","image":{"@type":"ImageObject","inLanguage":"de","@id":"https:\/\/kanu-gruppe-wilster.de\/#\/schema\/person\/image\/","url":"https:\/\/secure.gravatar.com\/avatar\/633d80af5ecf11a7e42ad51ef88894a9?s=96&d=mm&r=g","contentUrl":"https:\/\/secure.gravatar.com\/avatar\/633d80af5ecf11a7e42ad51ef88894a9?s=96&d=mm&r=g","caption":"UweMuenster"},"url":"https:\/\/kanu-gruppe-wilster.de\/index.php\/author\/uwemuenster\/"}]}},"_links":{"self":[{"href":"https:\/\/kanu-gruppe-wilster.de\/index.php\/wp-json\/wp\/v2\/posts\/10384"}],"collection":[{"href":"https:\/\/kanu-gruppe-wilster.de\/index.php\/wp-json\/wp\/v2\/posts"}],"about":[{"href":"https:\/\/kanu-gruppe-wilster.de\/index.php\/wp-json\/wp\/v2\/types\/post"}],"author":[{"embeddable":true,"href":"https:\/\/kanu-gruppe-wilster.de\/index.php\/wp-json\/wp\/v2\/users\/2"}],"replies":[{"embeddable":true,"href":"https:\/\/kanu-gruppe-wilster.de\/index.php\/wp-json\/wp\/v2\/comments?post=10384"}],"version-history":[{"count":1,"href":"https:\/\/kanu-gruppe-wilster.de\/index.php\/wp-json\/wp\/v2\/posts\/10384\/revisions"}],"predecessor-version":[{"id":10386,"href":"https:\/\/kanu-gruppe-wilster.de\/index.php\/wp-json\/wp\/v2\/posts\/10384\/revisions\/10386"}],"wp:attachment":[{"href":"https:\/\/kanu-gruppe-wilster.de\/index.php\/wp-json\/wp\/v2\/media?parent=10384"}],"wp:term":[{"taxonomy":"category","embeddable":true,"href":"https:\/\/kanu-gruppe-wilster.de\/index.php\/wp-json\/wp\/v2\/categories?post=10384"},{"taxonomy":"post_tag","embeddable":true,"href":"https:\/\/kanu-gruppe-wilster.de\/index.php\/wp-json\/wp\/v2\/tags?post=10384"}],"curies":[{"name":"wp","href":"https:\/\/api.w.org\/{rel}","templated":true}]}}