{"id":1008,"date":"2014-11-08T19:54:53","date_gmt":"2014-11-08T18:54:53","guid":{"rendered":"http:\/\/kanu-gruppe-wilster.de\/?p=1008"},"modified":"2014-11-08T19:54:53","modified_gmt":"2014-11-08T18:54:53","slug":"neu-sport-in-der-turnhalle-neu","status":"publish","type":"post","link":"https:\/\/kanu-gruppe-wilster.de\/index.php\/neu-sport-in-der-turnhalle-neu\/","title":{"rendered":"Neu!!  Sport in der Turnhalle  Neu!!"},"content":{"rendered":"<p>Hallo Paddlerinnen und Paddler!<\/p>\n<p>Einige von Euch erinnern sich sicherlich noch \u2013 ja wir Kanuten haben schon mal zusammen Sport in der Turnhalle der WRS betrieben.<\/p>\n<p><a href=\"http:\/\/kanu-gruppe-wilster.de\/wp-content\/uploads\/2014\/11\/SKMBT_C284e14092206410_0001.jpg\"><img loading=\"lazy\" class=\"size-full wp-image-1009 alignnone\" title=\"SKMBT_C284e14092206410_0001\" src=\"http:\/\/kanu-gruppe-wilster.de\/wp-content\/uploads\/2014\/11\/SKMBT_C284e14092206410_0001.jpg\" alt=\"\" width=\"628\" height=\"615\" \/><\/a><\/p>\n<p>Am Donnerstag, den 30.10.2014, hat sich eine neue Sportgruppe gebildet. Wir treffen uns jeden Donnerstag um 18:45 in der Turnhalle der Wolfgang-Radtke-Radtke (Landrecht 45). \u00dcbungsende ca. 20.15<\/p>\n<p>Was machen wir?<\/p>\n<p>Etwas Gymnastik f\u00fcr Bauch \/ Beine \/ Po \/ R\u00fccken<\/p>\n<p>Etwas f\u00fcr die Kondition und Ausdauer<\/p>\n<p>Ballspiele<\/p>\n<p>Wer sind wir?<\/p>\n<p>Eine gemischte Sportgruppe aus Paddlerinnen und Paddler der KGW \u00a0\u00a0 zwischen 24 und Mitte 60 Jahren<\/p>\n<p>Die Ausrichtung des Sports richtet sich in erster Linie nach den\u00a0 Interessen und an dem Leitungsverm\u00f6gen der \u00dc40 Generation \u2013\u00a0 J\u00fcngere Erwachsene sind herzlich eingeladen \u2013 Sie m\u00fcssen aber wissen, dass ihre Interessen und ihr Leistungsverm\u00f6gen nicht der Ma\u00dfstab sind.<\/p>\n<p>Wir wollen gemeinsam unsere Fitness erhalten bzw. verbessern \u2013 jeder macht das \u00a0was er kann und was ihm gut tut \u2013 jeder entsprechend seinem Leistungsstand. \u00a0Ganz wichtig \u2013 unser Sport soll vor allem Spa\u00df machen.<\/p>\n<p>Bei unseren ersten beiden Terminen waren wir 13 und 11 Teilnehmer und hatten viel Spa\u00df. Es w\u00e4re toll, \u00a0wenn noch ein paar mehr \u00a0zum Sport kommen \u2013 wir rechnen fest mit euch.<\/p>\n<p>Wir sind dabei<\/p>\n<p><a href=\"http:\/\/kanu-gruppe-wilster.de\/wp-content\/uploads\/2014\/11\/CAM00839.jpg\"><img loading=\"lazy\" class=\"size-full wp-image-1010 alignnone\" title=\"CAM00839\" src=\"http:\/\/kanu-gruppe-wilster.de\/wp-content\/uploads\/2014\/11\/CAM00839.jpg\" alt=\"\" width=\"624\" height=\"414\" \/><\/a><\/p>\n<p>Wir freuen uns auf Euch \u2013 Kommt am n\u00e4chsten Donnerstag vorbei!<\/p>\n<p>Gru\u00df Uwe<\/p>\n","protected":false},"excerpt":{"rendered":"<p>Hallo Paddlerinnen und Paddler! Einige von Euch erinnern sich sicherlich noch \u2013 ja wir Kanuten haben schon mal zusammen Sport in der Turnhalle der WRS betrieben. Am Donnerstag, den 30.10.2014, hat sich eine neue Sportgruppe gebildet. Wir treffen uns jeden Donnerstag um 18:45 in der Turnhalle der Wolfgang-Radtke-Radtke (Landrecht 45). \u00dcbungsende ca. 20.15 Was machen<\/p>\n","protected":false},"author":2,"featured_media":0,"comment_status":"open","ping_status":"open","sticky":false,"template":"","format":"standard","meta":{"ngg_post_thumbnail":0},"categories":[4,1],"tags":[],"yoast_head":"<!-- This site is optimized with the Yoast SEO plugin v19.0 - https:\/\/yoast.com\/wordpress\/plugins\/seo\/ -->\n<title>Neu!! Sport in der Turnhalle Neu!! &ndash; Kanu Gruppe Wilster e.V.<\/title>\n<meta name=\"robots\" content=\"index, follow, max-snippet:-1, max-image-preview:large, max-video-preview:-1\" \/>\n<link rel=\"canonical\" href=\"https:\/\/kanu-gruppe-wilster.de\/index.php\/neu-sport-in-der-turnhalle-neu\/\" \/>\n<meta property=\"og:locale\" content=\"de_DE\" \/>\n<meta property=\"og:type\" content=\"article\" \/>\n<meta property=\"og:title\" content=\"Neu!! Sport in der Turnhalle Neu!! &ndash; Kanu Gruppe Wilster e.V.\" \/>\n<meta property=\"og:description\" content=\"Hallo Paddlerinnen und Paddler! Einige von Euch erinnern sich sicherlich noch \u2013 ja wir Kanuten haben schon mal zusammen Sport in der Turnhalle der WRS betrieben. Am Donnerstag, den 30.10.2014, hat sich eine neue Sportgruppe gebildet. Wir treffen uns jeden Donnerstag um 18:45 in der Turnhalle der Wolfgang-Radtke-Radtke (Landrecht 45). \u00dcbungsende ca. 20.15 Was machen\" \/>\n<meta property=\"og:url\" content=\"https:\/\/kanu-gruppe-wilster.de\/index.php\/neu-sport-in-der-turnhalle-neu\/\" \/>\n<meta property=\"og:site_name\" content=\"Kanu Gruppe Wilster e.V.\" \/>\n<meta property=\"article:published_time\" content=\"2014-11-08T18:54:53+00:00\" \/>\n<meta property=\"og:image\" content=\"http:\/\/kanu-gruppe-wilster.de\/wp-content\/uploads\/2014\/11\/SKMBT_C284e14092206410_0001.jpg\" \/>\n<meta name=\"twitter:card\" content=\"summary\" \/>\n<meta name=\"twitter:label1\" content=\"Verfasst von\" \/>\n\t<meta name=\"twitter:data1\" content=\"UweMuenster\" \/>\n\t<meta name=\"twitter:label2\" content=\"Gesch\u00e4tzte Lesezeit\" \/>\n\t<meta name=\"twitter:data2\" content=\"1\u00a0Minute\" \/>\n<script type=\"application\/ld+json\" class=\"yoast-schema-graph\">{\"@context\":\"https:\/\/schema.org\",\"@graph\":[{\"@type\":\"WebSite\",\"@id\":\"https:\/\/kanu-gruppe-wilster.de\/#website\",\"url\":\"https:\/\/kanu-gruppe-wilster.de\/\",\"name\":\"Kanu Gruppe Wilster e.V.\",\"description\":\"Kanuverein an der Wilster Au\",\"potentialAction\":[{\"@type\":\"SearchAction\",\"target\":{\"@type\":\"EntryPoint\",\"urlTemplate\":\"https:\/\/kanu-gruppe-wilster.de\/?s={search_term_string}\"},\"query-input\":\"required name=search_term_string\"}],\"inLanguage\":\"de\"},{\"@type\":\"ImageObject\",\"inLanguage\":\"de\",\"@id\":\"https:\/\/kanu-gruppe-wilster.de\/index.php\/neu-sport-in-der-turnhalle-neu\/#primaryimage\",\"url\":\"http:\/\/kanu-gruppe-wilster.de\/wp-content\/uploads\/2014\/11\/SKMBT_C284e14092206410_0001.jpg\",\"contentUrl\":\"http:\/\/kanu-gruppe-wilster.de\/wp-content\/uploads\/2014\/11\/SKMBT_C284e14092206410_0001.jpg\"},{\"@type\":\"WebPage\",\"@id\":\"https:\/\/kanu-gruppe-wilster.de\/index.php\/neu-sport-in-der-turnhalle-neu\/#webpage\",\"url\":\"https:\/\/kanu-gruppe-wilster.de\/index.php\/neu-sport-in-der-turnhalle-neu\/\",\"name\":\"Neu!! Sport in der Turnhalle Neu!! &ndash; Kanu Gruppe Wilster e.V.\",\"isPartOf\":{\"@id\":\"https:\/\/kanu-gruppe-wilster.de\/#website\"},\"primaryImageOfPage\":{\"@id\":\"https:\/\/kanu-gruppe-wilster.de\/index.php\/neu-sport-in-der-turnhalle-neu\/#primaryimage\"},\"datePublished\":\"2014-11-08T18:54:53+00:00\",\"dateModified\":\"2014-11-08T18:54:53+00:00\",\"author\":{\"@id\":\"https:\/\/kanu-gruppe-wilster.de\/#\/schema\/person\/7489fc75ff891776bcddaa56e64dbb54\"},\"breadcrumb\":{\"@id\":\"https:\/\/kanu-gruppe-wilster.de\/index.php\/neu-sport-in-der-turnhalle-neu\/#breadcrumb\"},\"inLanguage\":\"de\",\"potentialAction\":[{\"@type\":\"ReadAction\",\"target\":[\"https:\/\/kanu-gruppe-wilster.de\/index.php\/neu-sport-in-der-turnhalle-neu\/\"]}]},{\"@type\":\"BreadcrumbList\",\"@id\":\"https:\/\/kanu-gruppe-wilster.de\/index.php\/neu-sport-in-der-turnhalle-neu\/#breadcrumb\",\"itemListElement\":[{\"@type\":\"ListItem\",\"position\":1,\"name\":\"Startseite\",\"item\":\"https:\/\/kanu-gruppe-wilster.de\/\"},{\"@type\":\"ListItem\",\"position\":2,\"name\":\"Neu!! Sport in der Turnhalle Neu!!\"}]},{\"@type\":\"Person\",\"@id\":\"https:\/\/kanu-gruppe-wilster.de\/#\/schema\/person\/7489fc75ff891776bcddaa56e64dbb54\",\"name\":\"UweMuenster\",\"image\":{\"@type\":\"ImageObject\",\"inLanguage\":\"de\",\"@id\":\"https:\/\/kanu-gruppe-wilster.de\/#\/schema\/person\/image\/\",\"url\":\"https:\/\/secure.gravatar.com\/avatar\/633d80af5ecf11a7e42ad51ef88894a9?s=96&d=mm&r=g\",\"contentUrl\":\"https:\/\/secure.gravatar.com\/avatar\/633d80af5ecf11a7e42ad51ef88894a9?s=96&d=mm&r=g\",\"caption\":\"UweMuenster\"},\"url\":\"https:\/\/kanu-gruppe-wilster.de\/index.php\/author\/uwemuenster\/\"}]}<\/script>\n<!-- \/ Yoast SEO plugin. -->","yoast_head_json":{"title":"Neu!! Sport in der Turnhalle Neu!! &ndash; Kanu Gruppe Wilster e.V.","robots":{"index":"index","follow":"follow","max-snippet":"max-snippet:-1","max-image-preview":"max-image-preview:large","max-video-preview":"max-video-preview:-1"},"canonical":"https:\/\/kanu-gruppe-wilster.de\/index.php\/neu-sport-in-der-turnhalle-neu\/","og_locale":"de_DE","og_type":"article","og_title":"Neu!! Sport in der Turnhalle Neu!! &ndash; Kanu Gruppe Wilster e.V.","og_description":"Hallo Paddlerinnen und Paddler! Einige von Euch erinnern sich sicherlich noch \u2013 ja wir Kanuten haben schon mal zusammen Sport in der Turnhalle der WRS betrieben. Am Donnerstag, den 30.10.2014, hat sich eine neue Sportgruppe gebildet. Wir treffen uns jeden Donnerstag um 18:45 in der Turnhalle der Wolfgang-Radtke-Radtke (Landrecht 45). \u00dcbungsende ca. 20.15 Was machen","og_url":"https:\/\/kanu-gruppe-wilster.de\/index.php\/neu-sport-in-der-turnhalle-neu\/","og_site_name":"Kanu Gruppe Wilster e.V.","article_published_time":"2014-11-08T18:54:53+00:00","og_image":[{"url":"http:\/\/kanu-gruppe-wilster.de\/wp-content\/uploads\/2014\/11\/SKMBT_C284e14092206410_0001.jpg"}],"twitter_card":"summary","twitter_misc":{"Verfasst von":"UweMuenster","Gesch\u00e4tzte Lesezeit":"1\u00a0Minute"},"schema":{"@context":"https:\/\/schema.org","@graph":[{"@type":"WebSite","@id":"https:\/\/kanu-gruppe-wilster.de\/#website","url":"https:\/\/kanu-gruppe-wilster.de\/","name":"Kanu Gruppe Wilster e.V.","description":"Kanuverein an der Wilster Au","potentialAction":[{"@type":"SearchAction","target":{"@type":"EntryPoint","urlTemplate":"https:\/\/kanu-gruppe-wilster.de\/?s={search_term_string}"},"query-input":"required name=search_term_string"}],"inLanguage":"de"},{"@type":"ImageObject","inLanguage":"de","@id":"https:\/\/kanu-gruppe-wilster.de\/index.php\/neu-sport-in-der-turnhalle-neu\/#primaryimage","url":"http:\/\/kanu-gruppe-wilster.de\/wp-content\/uploads\/2014\/11\/SKMBT_C284e14092206410_0001.jpg","contentUrl":"http:\/\/kanu-gruppe-wilster.de\/wp-content\/uploads\/2014\/11\/SKMBT_C284e14092206410_0001.jpg"},{"@type":"WebPage","@id":"https:\/\/kanu-gruppe-wilster.de\/index.php\/neu-sport-in-der-turnhalle-neu\/#webpage","url":"https:\/\/kanu-gruppe-wilster.de\/index.php\/neu-sport-in-der-turnhalle-neu\/","name":"Neu!! Sport in der Turnhalle Neu!! &ndash; Kanu Gruppe Wilster e.V.","isPartOf":{"@id":"https:\/\/kanu-gruppe-wilster.de\/#website"},"primaryImageOfPage":{"@id":"https:\/\/kanu-gruppe-wilster.de\/index.php\/neu-sport-in-der-turnhalle-neu\/#primaryimage"},"datePublished":"2014-11-08T18:54:53+00:00","dateModified":"2014-11-08T18:54:53+00:00","author":{"@id":"https:\/\/kanu-gruppe-wilster.de\/#\/schema\/person\/7489fc75ff891776bcddaa56e64dbb54"},"breadcrumb":{"@id":"https:\/\/kanu-gruppe-wilster.de\/index.php\/neu-sport-in-der-turnhalle-neu\/#breadcrumb"},"inLanguage":"de","potentialAction":[{"@type":"ReadAction","target":["https:\/\/kanu-gruppe-wilster.de\/index.php\/neu-sport-in-der-turnhalle-neu\/"]}]},{"@type":"BreadcrumbList","@id":"https:\/\/kanu-gruppe-wilster.de\/index.php\/neu-sport-in-der-turnhalle-neu\/#breadcrumb","itemListElement":[{"@type":"ListItem","position":1,"name":"Startseite","item":"https:\/\/kanu-gruppe-wilster.de\/"},{"@type":"ListItem","position":2,"name":"Neu!! Sport in der Turnhalle Neu!!"}]},{"@type":"Person","@id":"https:\/\/kanu-gruppe-wilster.de\/#\/schema\/person\/7489fc75ff891776bcddaa56e64dbb54","name":"UweMuenster","image":{"@type":"ImageObject","inLanguage":"de","@id":"https:\/\/kanu-gruppe-wilster.de\/#\/schema\/person\/image\/","url":"https:\/\/secure.gravatar.com\/avatar\/633d80af5ecf11a7e42ad51ef88894a9?s=96&d=mm&r=g","contentUrl":"https:\/\/secure.gravatar.com\/avatar\/633d80af5ecf11a7e42ad51ef88894a9?s=96&d=mm&r=g","caption":"UweMuenster"},"url":"https:\/\/kanu-gruppe-wilster.de\/index.php\/author\/uwemuenster\/"}]}},"_links":{"self":[{"href":"https:\/\/kanu-gruppe-wilster.de\/index.php\/wp-json\/wp\/v2\/posts\/1008"}],"collection":[{"href":"https:\/\/kanu-gruppe-wilster.de\/index.php\/wp-json\/wp\/v2\/posts"}],"about":[{"href":"https:\/\/kanu-gruppe-wilster.de\/index.php\/wp-json\/wp\/v2\/types\/post"}],"author":[{"embeddable":true,"href":"https:\/\/kanu-gruppe-wilster.de\/index.php\/wp-json\/wp\/v2\/users\/2"}],"replies":[{"embeddable":true,"href":"https:\/\/kanu-gruppe-wilster.de\/index.php\/wp-json\/wp\/v2\/comments?post=1008"}],"version-history":[{"count":0,"href":"https:\/\/kanu-gruppe-wilster.de\/index.php\/wp-json\/wp\/v2\/posts\/1008\/revisions"}],"wp:attachment":[{"href":"https:\/\/kanu-gruppe-wilster.de\/index.php\/wp-json\/wp\/v2\/media?parent=1008"}],"wp:term":[{"taxonomy":"category","embeddable":true,"href":"https:\/\/kanu-gruppe-wilster.de\/index.php\/wp-json\/wp\/v2\/categories?post=1008"},{"taxonomy":"post_tag","embeddable":true,"href":"https:\/\/kanu-gruppe-wilster.de\/index.php\/wp-json\/wp\/v2\/tags?post=1008"}],"curies":[{"name":"wp","href":"https:\/\/api.w.org\/{rel}","templated":true}]}}