{"id":10066,"date":"2023-03-10T14:56:57","date_gmt":"2023-03-10T13:56:57","guid":{"rendered":"https:\/\/kanu-gruppe-wilster.de\/?p=10066"},"modified":"2023-03-10T15:01:35","modified_gmt":"2023-03-10T14:01:35","slug":"energiekosten-haertefall-hilfe-keine-option-fuer-wilsteraner-vereine","status":"publish","type":"post","link":"https:\/\/kanu-gruppe-wilster.de\/index.php\/energiekosten-haertefall-hilfe-keine-option-fuer-wilsteraner-vereine\/","title":{"rendered":"Energiekosten: H\u00e4rtefall-Hilfe keine Option f\u00fcr Wilsteraner Vereine"},"content":{"rendered":"\n<p>Energiekosten: H\u00e4rtefall-Hilfe keine Option f\u00fcr Wilsteraner Vereine. Im Rahmen einer Recherche der WZ unter den Wilsteraner Vereinen zu obigem Thema wurde auch unser Verein befragt. Das Statement unserer 1. Vorsitzenden findet ihr unter dem folgenden <a href=\"https:\/\/kanu-gruppe-wilster.de\/wp-content\/uploads\/2023\/03\/Energiekosten-WZ-09.03.2023-1.pdf\">Link<\/a><\/p>\n\n\n\n<p><\/p>\n","protected":false},"excerpt":{"rendered":"<p>Energiekosten: H\u00e4rtefall-Hilfe keine Option f\u00fcr Wilsteraner Vereine. Im Rahmen einer Recherche der WZ unter den Wilsteraner Vereinen zu obigem Thema wurde auch unser Verein befragt. Das Statement unserer 1. Vorsitzenden findet ihr unter dem folgenden Link<\/p>\n","protected":false},"author":2,"featured_media":0,"comment_status":"open","ping_status":"open","sticky":false,"template":"","format":"standard","meta":{"ngg_post_thumbnail":0},"categories":[3,4,1,5],"tags":[],"yoast_head":"<!-- This site is optimized with the Yoast SEO plugin v19.0 - https:\/\/yoast.com\/wordpress\/plugins\/seo\/ -->\n<title>Energiekosten: H\u00e4rtefall-Hilfe keine Option f\u00fcr Wilsteraner Vereine &ndash; Kanu Gruppe Wilster e.V.<\/title>\n<meta name=\"robots\" content=\"index, follow, max-snippet:-1, max-image-preview:large, max-video-preview:-1\" \/>\n<link rel=\"canonical\" href=\"https:\/\/kanu-gruppe-wilster.de\/index.php\/energiekosten-haertefall-hilfe-keine-option-fuer-wilsteraner-vereine\/\" \/>\n<meta property=\"og:locale\" content=\"de_DE\" \/>\n<meta property=\"og:type\" content=\"article\" \/>\n<meta property=\"og:title\" content=\"Energiekosten: H\u00e4rtefall-Hilfe keine Option f\u00fcr Wilsteraner Vereine &ndash; Kanu Gruppe Wilster e.V.\" \/>\n<meta property=\"og:description\" content=\"Energiekosten: H\u00e4rtefall-Hilfe keine Option f\u00fcr Wilsteraner Vereine. Im Rahmen einer Recherche der WZ unter den Wilsteraner Vereinen zu obigem Thema wurde auch unser Verein befragt. Das Statement unserer 1. Vorsitzenden findet ihr unter dem folgenden Link\" \/>\n<meta property=\"og:url\" content=\"https:\/\/kanu-gruppe-wilster.de\/index.php\/energiekosten-haertefall-hilfe-keine-option-fuer-wilsteraner-vereine\/\" \/>\n<meta property=\"og:site_name\" content=\"Kanu Gruppe Wilster e.V.\" \/>\n<meta property=\"article:published_time\" content=\"2023-03-10T13:56:57+00:00\" \/>\n<meta property=\"article:modified_time\" content=\"2023-03-10T14:01:35+00:00\" \/>\n<meta name=\"twitter:card\" content=\"summary\" \/>\n<meta name=\"twitter:label1\" content=\"Verfasst von\" \/>\n\t<meta name=\"twitter:data1\" content=\"UweMuenster\" \/>\n\t<meta name=\"twitter:label2\" content=\"Gesch\u00e4tzte Lesezeit\" \/>\n\t<meta name=\"twitter:data2\" content=\"1\u00a0Minute\" \/>\n<script type=\"application\/ld+json\" class=\"yoast-schema-graph\">{\"@context\":\"https:\/\/schema.org\",\"@graph\":[{\"@type\":\"WebSite\",\"@id\":\"https:\/\/kanu-gruppe-wilster.de\/#website\",\"url\":\"https:\/\/kanu-gruppe-wilster.de\/\",\"name\":\"Kanu Gruppe Wilster e.V.\",\"description\":\"Kanuverein an der Wilster Au\",\"potentialAction\":[{\"@type\":\"SearchAction\",\"target\":{\"@type\":\"EntryPoint\",\"urlTemplate\":\"https:\/\/kanu-gruppe-wilster.de\/?s={search_term_string}\"},\"query-input\":\"required name=search_term_string\"}],\"inLanguage\":\"de\"},{\"@type\":\"WebPage\",\"@id\":\"https:\/\/kanu-gruppe-wilster.de\/index.php\/energiekosten-haertefall-hilfe-keine-option-fuer-wilsteraner-vereine\/#webpage\",\"url\":\"https:\/\/kanu-gruppe-wilster.de\/index.php\/energiekosten-haertefall-hilfe-keine-option-fuer-wilsteraner-vereine\/\",\"name\":\"Energiekosten: H\u00e4rtefall-Hilfe keine Option f\u00fcr Wilsteraner Vereine &ndash; Kanu Gruppe Wilster e.V.\",\"isPartOf\":{\"@id\":\"https:\/\/kanu-gruppe-wilster.de\/#website\"},\"datePublished\":\"2023-03-10T13:56:57+00:00\",\"dateModified\":\"2023-03-10T14:01:35+00:00\",\"author\":{\"@id\":\"https:\/\/kanu-gruppe-wilster.de\/#\/schema\/person\/7489fc75ff891776bcddaa56e64dbb54\"},\"breadcrumb\":{\"@id\":\"https:\/\/kanu-gruppe-wilster.de\/index.php\/energiekosten-haertefall-hilfe-keine-option-fuer-wilsteraner-vereine\/#breadcrumb\"},\"inLanguage\":\"de\",\"potentialAction\":[{\"@type\":\"ReadAction\",\"target\":[\"https:\/\/kanu-gruppe-wilster.de\/index.php\/energiekosten-haertefall-hilfe-keine-option-fuer-wilsteraner-vereine\/\"]}]},{\"@type\":\"BreadcrumbList\",\"@id\":\"https:\/\/kanu-gruppe-wilster.de\/index.php\/energiekosten-haertefall-hilfe-keine-option-fuer-wilsteraner-vereine\/#breadcrumb\",\"itemListElement\":[{\"@type\":\"ListItem\",\"position\":1,\"name\":\"Startseite\",\"item\":\"https:\/\/kanu-gruppe-wilster.de\/\"},{\"@type\":\"ListItem\",\"position\":2,\"name\":\"Energiekosten: H\u00e4rtefall-Hilfe keine Option f\u00fcr Wilsteraner Vereine\"}]},{\"@type\":\"Person\",\"@id\":\"https:\/\/kanu-gruppe-wilster.de\/#\/schema\/person\/7489fc75ff891776bcddaa56e64dbb54\",\"name\":\"UweMuenster\",\"image\":{\"@type\":\"ImageObject\",\"inLanguage\":\"de\",\"@id\":\"https:\/\/kanu-gruppe-wilster.de\/#\/schema\/person\/image\/\",\"url\":\"https:\/\/secure.gravatar.com\/avatar\/633d80af5ecf11a7e42ad51ef88894a9?s=96&d=mm&r=g\",\"contentUrl\":\"https:\/\/secure.gravatar.com\/avatar\/633d80af5ecf11a7e42ad51ef88894a9?s=96&d=mm&r=g\",\"caption\":\"UweMuenster\"},\"url\":\"https:\/\/kanu-gruppe-wilster.de\/index.php\/author\/uwemuenster\/\"}]}<\/script>\n<!-- \/ Yoast SEO plugin. -->","yoast_head_json":{"title":"Energiekosten: H\u00e4rtefall-Hilfe keine Option f\u00fcr Wilsteraner Vereine &ndash; Kanu Gruppe Wilster e.V.","robots":{"index":"index","follow":"follow","max-snippet":"max-snippet:-1","max-image-preview":"max-image-preview:large","max-video-preview":"max-video-preview:-1"},"canonical":"https:\/\/kanu-gruppe-wilster.de\/index.php\/energiekosten-haertefall-hilfe-keine-option-fuer-wilsteraner-vereine\/","og_locale":"de_DE","og_type":"article","og_title":"Energiekosten: H\u00e4rtefall-Hilfe keine Option f\u00fcr Wilsteraner Vereine &ndash; Kanu Gruppe Wilster e.V.","og_description":"Energiekosten: H\u00e4rtefall-Hilfe keine Option f\u00fcr Wilsteraner Vereine. Im Rahmen einer Recherche der WZ unter den Wilsteraner Vereinen zu obigem Thema wurde auch unser Verein befragt. Das Statement unserer 1. Vorsitzenden findet ihr unter dem folgenden Link","og_url":"https:\/\/kanu-gruppe-wilster.de\/index.php\/energiekosten-haertefall-hilfe-keine-option-fuer-wilsteraner-vereine\/","og_site_name":"Kanu Gruppe Wilster e.V.","article_published_time":"2023-03-10T13:56:57+00:00","article_modified_time":"2023-03-10T14:01:35+00:00","twitter_card":"summary","twitter_misc":{"Verfasst von":"UweMuenster","Gesch\u00e4tzte Lesezeit":"1\u00a0Minute"},"schema":{"@context":"https:\/\/schema.org","@graph":[{"@type":"WebSite","@id":"https:\/\/kanu-gruppe-wilster.de\/#website","url":"https:\/\/kanu-gruppe-wilster.de\/","name":"Kanu Gruppe Wilster e.V.","description":"Kanuverein an der Wilster Au","potentialAction":[{"@type":"SearchAction","target":{"@type":"EntryPoint","urlTemplate":"https:\/\/kanu-gruppe-wilster.de\/?s={search_term_string}"},"query-input":"required name=search_term_string"}],"inLanguage":"de"},{"@type":"WebPage","@id":"https:\/\/kanu-gruppe-wilster.de\/index.php\/energiekosten-haertefall-hilfe-keine-option-fuer-wilsteraner-vereine\/#webpage","url":"https:\/\/kanu-gruppe-wilster.de\/index.php\/energiekosten-haertefall-hilfe-keine-option-fuer-wilsteraner-vereine\/","name":"Energiekosten: H\u00e4rtefall-Hilfe keine Option f\u00fcr Wilsteraner Vereine &ndash; Kanu Gruppe Wilster e.V.","isPartOf":{"@id":"https:\/\/kanu-gruppe-wilster.de\/#website"},"datePublished":"2023-03-10T13:56:57+00:00","dateModified":"2023-03-10T14:01:35+00:00","author":{"@id":"https:\/\/kanu-gruppe-wilster.de\/#\/schema\/person\/7489fc75ff891776bcddaa56e64dbb54"},"breadcrumb":{"@id":"https:\/\/kanu-gruppe-wilster.de\/index.php\/energiekosten-haertefall-hilfe-keine-option-fuer-wilsteraner-vereine\/#breadcrumb"},"inLanguage":"de","potentialAction":[{"@type":"ReadAction","target":["https:\/\/kanu-gruppe-wilster.de\/index.php\/energiekosten-haertefall-hilfe-keine-option-fuer-wilsteraner-vereine\/"]}]},{"@type":"BreadcrumbList","@id":"https:\/\/kanu-gruppe-wilster.de\/index.php\/energiekosten-haertefall-hilfe-keine-option-fuer-wilsteraner-vereine\/#breadcrumb","itemListElement":[{"@type":"ListItem","position":1,"name":"Startseite","item":"https:\/\/kanu-gruppe-wilster.de\/"},{"@type":"ListItem","position":2,"name":"Energiekosten: H\u00e4rtefall-Hilfe keine Option f\u00fcr Wilsteraner Vereine"}]},{"@type":"Person","@id":"https:\/\/kanu-gruppe-wilster.de\/#\/schema\/person\/7489fc75ff891776bcddaa56e64dbb54","name":"UweMuenster","image":{"@type":"ImageObject","inLanguage":"de","@id":"https:\/\/kanu-gruppe-wilster.de\/#\/schema\/person\/image\/","url":"https:\/\/secure.gravatar.com\/avatar\/633d80af5ecf11a7e42ad51ef88894a9?s=96&d=mm&r=g","contentUrl":"https:\/\/secure.gravatar.com\/avatar\/633d80af5ecf11a7e42ad51ef88894a9?s=96&d=mm&r=g","caption":"UweMuenster"},"url":"https:\/\/kanu-gruppe-wilster.de\/index.php\/author\/uwemuenster\/"}]}},"_links":{"self":[{"href":"https:\/\/kanu-gruppe-wilster.de\/index.php\/wp-json\/wp\/v2\/posts\/10066"}],"collection":[{"href":"https:\/\/kanu-gruppe-wilster.de\/index.php\/wp-json\/wp\/v2\/posts"}],"about":[{"href":"https:\/\/kanu-gruppe-wilster.de\/index.php\/wp-json\/wp\/v2\/types\/post"}],"author":[{"embeddable":true,"href":"https:\/\/kanu-gruppe-wilster.de\/index.php\/wp-json\/wp\/v2\/users\/2"}],"replies":[{"embeddable":true,"href":"https:\/\/kanu-gruppe-wilster.de\/index.php\/wp-json\/wp\/v2\/comments?post=10066"}],"version-history":[{"count":3,"href":"https:\/\/kanu-gruppe-wilster.de\/index.php\/wp-json\/wp\/v2\/posts\/10066\/revisions"}],"predecessor-version":[{"id":10070,"href":"https:\/\/kanu-gruppe-wilster.de\/index.php\/wp-json\/wp\/v2\/posts\/10066\/revisions\/10070"}],"wp:attachment":[{"href":"https:\/\/kanu-gruppe-wilster.de\/index.php\/wp-json\/wp\/v2\/media?parent=10066"}],"wp:term":[{"taxonomy":"category","embeddable":true,"href":"https:\/\/kanu-gruppe-wilster.de\/index.php\/wp-json\/wp\/v2\/categories?post=10066"},{"taxonomy":"post_tag","embeddable":true,"href":"https:\/\/kanu-gruppe-wilster.de\/index.php\/wp-json\/wp\/v2\/tags?post=10066"}],"curies":[{"name":"wp","href":"https:\/\/api.w.org\/{rel}","templated":true}]}}