{"id":10028,"date":"2023-01-15T16:56:14","date_gmt":"2023-01-15T15:56:14","guid":{"rendered":"https:\/\/kanu-gruppe-wilster.de\/?p=10028"},"modified":"2023-01-15T16:58:48","modified_gmt":"2023-01-15T15:58:48","slug":"rueckblick-auf-die-paddelsaison-2021-2022-der-paddelvereine-im-kreis-steinburg","status":"publish","type":"post","link":"https:\/\/kanu-gruppe-wilster.de\/index.php\/rueckblick-auf-die-paddelsaison-2021-2022-der-paddelvereine-im-kreis-steinburg\/","title":{"rendered":"R\u00fcckblick auf die Paddelsaison 2021 &#8211; 2022 der Paddelvereine im Kreis Steinburg"},"content":{"rendered":"\n<p>Auch dieses Jahr ver\u00f6ffentlichte die &#8222;Norddeutsche Rundschau&#8220; wieder einen R\u00fcckblick \u00fcber die Aktivit\u00e4ten der Kanu Vereine im Kreis Steinburg. In dem Beitrag geben die Vorsitzenden der Itzehoer Wasserwanderer (IWW), des Itzehoer Kanu Club (IKC), der Elmshorner Wanderpaddler (EWP) und der Kanu Gruppe Wilster (KGW) einen R\u00fcckblick. Den Bericht findet ihr unter dem folgenden <a href=\"https:\/\/kanu-gruppe-wilster.de\/wp-content\/uploads\/2023\/01\/Itzehoer-Wasserwanderer_Wilstersche_Zeitung-03-01-2023_14.pdf\">Link<\/a><\/p>\n\n\n\n<figure class=\"wp-block-image size-full\"><img loading=\"lazy\" width=\"347\" height=\"296\" src=\"https:\/\/kanu-gruppe-wilster.de\/wp-content\/uploads\/2023\/01\/m_22.12.29_Bericht-SHZ-Kanu-Vereine-im-Kreis-Steinburg.jpg\" alt=\"\" class=\"wp-image-10029\" srcset=\"https:\/\/kanu-gruppe-wilster.de\/wp-content\/uploads\/2023\/01\/m_22.12.29_Bericht-SHZ-Kanu-Vereine-im-Kreis-Steinburg.jpg 347w, https:\/\/kanu-gruppe-wilster.de\/wp-content\/uploads\/2023\/01\/m_22.12.29_Bericht-SHZ-Kanu-Vereine-im-Kreis-Steinburg-300x256.jpg 300w, https:\/\/kanu-gruppe-wilster.de\/wp-content\/uploads\/2023\/01\/m_22.12.29_Bericht-SHZ-Kanu-Vereine-im-Kreis-Steinburg-219x187.jpg 219w\" sizes=\"(max-width: 347px) 100vw, 347px\" \/><\/figure>\n","protected":false},"excerpt":{"rendered":"<p>Auch dieses Jahr ver\u00f6ffentlichte die &#8222;Norddeutsche Rundschau&#8220; wieder einen R\u00fcckblick \u00fcber die Aktivit\u00e4ten der Kanu Vereine im Kreis Steinburg. In dem Beitrag geben die Vorsitzenden der Itzehoer Wasserwanderer (IWW), des Itzehoer Kanu Club (IKC), der Elmshorner Wanderpaddler (EWP) und der Kanu Gruppe Wilster (KGW) einen R\u00fcckblick. Den Bericht findet ihr unter dem folgenden Link<\/p>\n","protected":false},"author":2,"featured_media":0,"comment_status":"open","ping_status":"open","sticky":false,"template":"","format":"standard","meta":{"ngg_post_thumbnail":0},"categories":[4,1,5],"tags":[],"yoast_head":"<!-- This site is optimized with the Yoast SEO plugin v19.0 - https:\/\/yoast.com\/wordpress\/plugins\/seo\/ -->\n<title>R\u00fcckblick auf die Paddelsaison 2021 - 2022 der Paddelvereine im Kreis Steinburg &ndash; Kanu Gruppe Wilster e.V.<\/title>\n<meta name=\"robots\" content=\"index, follow, max-snippet:-1, max-image-preview:large, max-video-preview:-1\" \/>\n<link rel=\"canonical\" href=\"https:\/\/kanu-gruppe-wilster.de\/index.php\/rueckblick-auf-die-paddelsaison-2021-2022-der-paddelvereine-im-kreis-steinburg\/\" \/>\n<meta property=\"og:locale\" content=\"de_DE\" \/>\n<meta property=\"og:type\" content=\"article\" \/>\n<meta property=\"og:title\" content=\"R\u00fcckblick auf die Paddelsaison 2021 - 2022 der Paddelvereine im Kreis Steinburg &ndash; Kanu Gruppe Wilster e.V.\" \/>\n<meta property=\"og:description\" content=\"Auch dieses Jahr ver\u00f6ffentlichte die &#8222;Norddeutsche Rundschau&#8220; wieder einen R\u00fcckblick \u00fcber die Aktivit\u00e4ten der Kanu Vereine im Kreis Steinburg. In dem Beitrag geben die Vorsitzenden der Itzehoer Wasserwanderer (IWW), des Itzehoer Kanu Club (IKC), der Elmshorner Wanderpaddler (EWP) und der Kanu Gruppe Wilster (KGW) einen R\u00fcckblick. Den Bericht findet ihr unter dem folgenden Link\" \/>\n<meta property=\"og:url\" content=\"https:\/\/kanu-gruppe-wilster.de\/index.php\/rueckblick-auf-die-paddelsaison-2021-2022-der-paddelvereine-im-kreis-steinburg\/\" \/>\n<meta property=\"og:site_name\" content=\"Kanu Gruppe Wilster e.V.\" \/>\n<meta property=\"article:published_time\" content=\"2023-01-15T15:56:14+00:00\" \/>\n<meta property=\"article:modified_time\" content=\"2023-01-15T15:58:48+00:00\" \/>\n<meta property=\"og:image\" content=\"https:\/\/kanu-gruppe-wilster.de\/wp-content\/uploads\/2023\/01\/m_22.12.29_Bericht-SHZ-Kanu-Vereine-im-Kreis-Steinburg.jpg\" \/>\n<meta name=\"twitter:card\" content=\"summary\" \/>\n<meta name=\"twitter:label1\" content=\"Verfasst von\" \/>\n\t<meta name=\"twitter:data1\" content=\"UweMuenster\" \/>\n\t<meta name=\"twitter:label2\" content=\"Gesch\u00e4tzte Lesezeit\" \/>\n\t<meta name=\"twitter:data2\" content=\"1\u00a0Minute\" \/>\n<script type=\"application\/ld+json\" class=\"yoast-schema-graph\">{\"@context\":\"https:\/\/schema.org\",\"@graph\":[{\"@type\":\"WebSite\",\"@id\":\"https:\/\/kanu-gruppe-wilster.de\/#website\",\"url\":\"https:\/\/kanu-gruppe-wilster.de\/\",\"name\":\"Kanu Gruppe Wilster e.V.\",\"description\":\"Kanuverein an der Wilster Au\",\"potentialAction\":[{\"@type\":\"SearchAction\",\"target\":{\"@type\":\"EntryPoint\",\"urlTemplate\":\"https:\/\/kanu-gruppe-wilster.de\/?s={search_term_string}\"},\"query-input\":\"required name=search_term_string\"}],\"inLanguage\":\"de\"},{\"@type\":\"ImageObject\",\"inLanguage\":\"de\",\"@id\":\"https:\/\/kanu-gruppe-wilster.de\/index.php\/rueckblick-auf-die-paddelsaison-2021-2022-der-paddelvereine-im-kreis-steinburg\/#primaryimage\",\"url\":\"https:\/\/kanu-gruppe-wilster.de\/wp-content\/uploads\/2023\/01\/m_22.12.29_Bericht-SHZ-Kanu-Vereine-im-Kreis-Steinburg.jpg\",\"contentUrl\":\"https:\/\/kanu-gruppe-wilster.de\/wp-content\/uploads\/2023\/01\/m_22.12.29_Bericht-SHZ-Kanu-Vereine-im-Kreis-Steinburg.jpg\",\"width\":347,\"height\":296},{\"@type\":\"WebPage\",\"@id\":\"https:\/\/kanu-gruppe-wilster.de\/index.php\/rueckblick-auf-die-paddelsaison-2021-2022-der-paddelvereine-im-kreis-steinburg\/#webpage\",\"url\":\"https:\/\/kanu-gruppe-wilster.de\/index.php\/rueckblick-auf-die-paddelsaison-2021-2022-der-paddelvereine-im-kreis-steinburg\/\",\"name\":\"R\u00fcckblick auf die Paddelsaison 2021 - 2022 der Paddelvereine im Kreis Steinburg &ndash; Kanu Gruppe Wilster e.V.\",\"isPartOf\":{\"@id\":\"https:\/\/kanu-gruppe-wilster.de\/#website\"},\"primaryImageOfPage\":{\"@id\":\"https:\/\/kanu-gruppe-wilster.de\/index.php\/rueckblick-auf-die-paddelsaison-2021-2022-der-paddelvereine-im-kreis-steinburg\/#primaryimage\"},\"datePublished\":\"2023-01-15T15:56:14+00:00\",\"dateModified\":\"2023-01-15T15:58:48+00:00\",\"author\":{\"@id\":\"https:\/\/kanu-gruppe-wilster.de\/#\/schema\/person\/7489fc75ff891776bcddaa56e64dbb54\"},\"breadcrumb\":{\"@id\":\"https:\/\/kanu-gruppe-wilster.de\/index.php\/rueckblick-auf-die-paddelsaison-2021-2022-der-paddelvereine-im-kreis-steinburg\/#breadcrumb\"},\"inLanguage\":\"de\",\"potentialAction\":[{\"@type\":\"ReadAction\",\"target\":[\"https:\/\/kanu-gruppe-wilster.de\/index.php\/rueckblick-auf-die-paddelsaison-2021-2022-der-paddelvereine-im-kreis-steinburg\/\"]}]},{\"@type\":\"BreadcrumbList\",\"@id\":\"https:\/\/kanu-gruppe-wilster.de\/index.php\/rueckblick-auf-die-paddelsaison-2021-2022-der-paddelvereine-im-kreis-steinburg\/#breadcrumb\",\"itemListElement\":[{\"@type\":\"ListItem\",\"position\":1,\"name\":\"Startseite\",\"item\":\"https:\/\/kanu-gruppe-wilster.de\/\"},{\"@type\":\"ListItem\",\"position\":2,\"name\":\"R\u00fcckblick auf die Paddelsaison 2021 &#8211; 2022 der Paddelvereine im Kreis Steinburg\"}]},{\"@type\":\"Person\",\"@id\":\"https:\/\/kanu-gruppe-wilster.de\/#\/schema\/person\/7489fc75ff891776bcddaa56e64dbb54\",\"name\":\"UweMuenster\",\"image\":{\"@type\":\"ImageObject\",\"inLanguage\":\"de\",\"@id\":\"https:\/\/kanu-gruppe-wilster.de\/#\/schema\/person\/image\/\",\"url\":\"https:\/\/secure.gravatar.com\/avatar\/633d80af5ecf11a7e42ad51ef88894a9?s=96&d=mm&r=g\",\"contentUrl\":\"https:\/\/secure.gravatar.com\/avatar\/633d80af5ecf11a7e42ad51ef88894a9?s=96&d=mm&r=g\",\"caption\":\"UweMuenster\"},\"url\":\"https:\/\/kanu-gruppe-wilster.de\/index.php\/author\/uwemuenster\/\"}]}<\/script>\n<!-- \/ Yoast SEO plugin. -->","yoast_head_json":{"title":"R\u00fcckblick auf die Paddelsaison 2021 - 2022 der Paddelvereine im Kreis Steinburg &ndash; Kanu Gruppe Wilster e.V.","robots":{"index":"index","follow":"follow","max-snippet":"max-snippet:-1","max-image-preview":"max-image-preview:large","max-video-preview":"max-video-preview:-1"},"canonical":"https:\/\/kanu-gruppe-wilster.de\/index.php\/rueckblick-auf-die-paddelsaison-2021-2022-der-paddelvereine-im-kreis-steinburg\/","og_locale":"de_DE","og_type":"article","og_title":"R\u00fcckblick auf die Paddelsaison 2021 - 2022 der Paddelvereine im Kreis Steinburg &ndash; Kanu Gruppe Wilster e.V.","og_description":"Auch dieses Jahr ver\u00f6ffentlichte die &#8222;Norddeutsche Rundschau&#8220; wieder einen R\u00fcckblick \u00fcber die Aktivit\u00e4ten der Kanu Vereine im Kreis Steinburg. In dem Beitrag geben die Vorsitzenden der Itzehoer Wasserwanderer (IWW), des Itzehoer Kanu Club (IKC), der Elmshorner Wanderpaddler (EWP) und der Kanu Gruppe Wilster (KGW) einen R\u00fcckblick. Den Bericht findet ihr unter dem folgenden Link","og_url":"https:\/\/kanu-gruppe-wilster.de\/index.php\/rueckblick-auf-die-paddelsaison-2021-2022-der-paddelvereine-im-kreis-steinburg\/","og_site_name":"Kanu Gruppe Wilster e.V.","article_published_time":"2023-01-15T15:56:14+00:00","article_modified_time":"2023-01-15T15:58:48+00:00","og_image":[{"url":"https:\/\/kanu-gruppe-wilster.de\/wp-content\/uploads\/2023\/01\/m_22.12.29_Bericht-SHZ-Kanu-Vereine-im-Kreis-Steinburg.jpg"}],"twitter_card":"summary","twitter_misc":{"Verfasst von":"UweMuenster","Gesch\u00e4tzte Lesezeit":"1\u00a0Minute"},"schema":{"@context":"https:\/\/schema.org","@graph":[{"@type":"WebSite","@id":"https:\/\/kanu-gruppe-wilster.de\/#website","url":"https:\/\/kanu-gruppe-wilster.de\/","name":"Kanu Gruppe Wilster e.V.","description":"Kanuverein an der Wilster Au","potentialAction":[{"@type":"SearchAction","target":{"@type":"EntryPoint","urlTemplate":"https:\/\/kanu-gruppe-wilster.de\/?s={search_term_string}"},"query-input":"required name=search_term_string"}],"inLanguage":"de"},{"@type":"ImageObject","inLanguage":"de","@id":"https:\/\/kanu-gruppe-wilster.de\/index.php\/rueckblick-auf-die-paddelsaison-2021-2022-der-paddelvereine-im-kreis-steinburg\/#primaryimage","url":"https:\/\/kanu-gruppe-wilster.de\/wp-content\/uploads\/2023\/01\/m_22.12.29_Bericht-SHZ-Kanu-Vereine-im-Kreis-Steinburg.jpg","contentUrl":"https:\/\/kanu-gruppe-wilster.de\/wp-content\/uploads\/2023\/01\/m_22.12.29_Bericht-SHZ-Kanu-Vereine-im-Kreis-Steinburg.jpg","width":347,"height":296},{"@type":"WebPage","@id":"https:\/\/kanu-gruppe-wilster.de\/index.php\/rueckblick-auf-die-paddelsaison-2021-2022-der-paddelvereine-im-kreis-steinburg\/#webpage","url":"https:\/\/kanu-gruppe-wilster.de\/index.php\/rueckblick-auf-die-paddelsaison-2021-2022-der-paddelvereine-im-kreis-steinburg\/","name":"R\u00fcckblick auf die Paddelsaison 2021 - 2022 der Paddelvereine im Kreis Steinburg &ndash; Kanu Gruppe Wilster e.V.","isPartOf":{"@id":"https:\/\/kanu-gruppe-wilster.de\/#website"},"primaryImageOfPage":{"@id":"https:\/\/kanu-gruppe-wilster.de\/index.php\/rueckblick-auf-die-paddelsaison-2021-2022-der-paddelvereine-im-kreis-steinburg\/#primaryimage"},"datePublished":"2023-01-15T15:56:14+00:00","dateModified":"2023-01-15T15:58:48+00:00","author":{"@id":"https:\/\/kanu-gruppe-wilster.de\/#\/schema\/person\/7489fc75ff891776bcddaa56e64dbb54"},"breadcrumb":{"@id":"https:\/\/kanu-gruppe-wilster.de\/index.php\/rueckblick-auf-die-paddelsaison-2021-2022-der-paddelvereine-im-kreis-steinburg\/#breadcrumb"},"inLanguage":"de","potentialAction":[{"@type":"ReadAction","target":["https:\/\/kanu-gruppe-wilster.de\/index.php\/rueckblick-auf-die-paddelsaison-2021-2022-der-paddelvereine-im-kreis-steinburg\/"]}]},{"@type":"BreadcrumbList","@id":"https:\/\/kanu-gruppe-wilster.de\/index.php\/rueckblick-auf-die-paddelsaison-2021-2022-der-paddelvereine-im-kreis-steinburg\/#breadcrumb","itemListElement":[{"@type":"ListItem","position":1,"name":"Startseite","item":"https:\/\/kanu-gruppe-wilster.de\/"},{"@type":"ListItem","position":2,"name":"R\u00fcckblick auf die Paddelsaison 2021 &#8211; 2022 der Paddelvereine im Kreis Steinburg"}]},{"@type":"Person","@id":"https:\/\/kanu-gruppe-wilster.de\/#\/schema\/person\/7489fc75ff891776bcddaa56e64dbb54","name":"UweMuenster","image":{"@type":"ImageObject","inLanguage":"de","@id":"https:\/\/kanu-gruppe-wilster.de\/#\/schema\/person\/image\/","url":"https:\/\/secure.gravatar.com\/avatar\/633d80af5ecf11a7e42ad51ef88894a9?s=96&d=mm&r=g","contentUrl":"https:\/\/secure.gravatar.com\/avatar\/633d80af5ecf11a7e42ad51ef88894a9?s=96&d=mm&r=g","caption":"UweMuenster"},"url":"https:\/\/kanu-gruppe-wilster.de\/index.php\/author\/uwemuenster\/"}]}},"_links":{"self":[{"href":"https:\/\/kanu-gruppe-wilster.de\/index.php\/wp-json\/wp\/v2\/posts\/10028"}],"collection":[{"href":"https:\/\/kanu-gruppe-wilster.de\/index.php\/wp-json\/wp\/v2\/posts"}],"about":[{"href":"https:\/\/kanu-gruppe-wilster.de\/index.php\/wp-json\/wp\/v2\/types\/post"}],"author":[{"embeddable":true,"href":"https:\/\/kanu-gruppe-wilster.de\/index.php\/wp-json\/wp\/v2\/users\/2"}],"replies":[{"embeddable":true,"href":"https:\/\/kanu-gruppe-wilster.de\/index.php\/wp-json\/wp\/v2\/comments?post=10028"}],"version-history":[{"count":2,"href":"https:\/\/kanu-gruppe-wilster.de\/index.php\/wp-json\/wp\/v2\/posts\/10028\/revisions"}],"predecessor-version":[{"id":10031,"href":"https:\/\/kanu-gruppe-wilster.de\/index.php\/wp-json\/wp\/v2\/posts\/10028\/revisions\/10031"}],"wp:attachment":[{"href":"https:\/\/kanu-gruppe-wilster.de\/index.php\/wp-json\/wp\/v2\/media?parent=10028"}],"wp:term":[{"taxonomy":"category","embeddable":true,"href":"https:\/\/kanu-gruppe-wilster.de\/index.php\/wp-json\/wp\/v2\/categories?post=10028"},{"taxonomy":"post_tag","embeddable":true,"href":"https:\/\/kanu-gruppe-wilster.de\/index.php\/wp-json\/wp\/v2\/tags?post=10028"}],"curies":[{"name":"wp","href":"https:\/\/api.w.org\/{rel}","templated":true}]}}